{"id":30205,"date":"2026-03-05T09:08:59","date_gmt":"2026-03-05T09:08:59","guid":{"rendered":"https:\/\/new.findnews5.com\/?p=30205"},"modified":"2026-03-05T09:08:59","modified_gmt":"2026-03-05T09:08:59","slug":"po-ky-cpati-edi-paloka-leshon-gojen-ju-qfsha-robt-o-te-pafytyre","status":"publish","type":"post","link":"https:\/\/new.findnews5.com\/?p=30205","title":{"rendered":"Po ky \u00e7\u2019pati?! Edi Paloka l\u00ebshon goj\u00ebn: Ju q*fsha robt o t\u00eb pafytyr\u00eb\u2026"},"content":{"rendered":"<div class=\"78954ae5fa42b68c1393fe3da4998882\" data-index=\"1\" style=\"float: none; margin:0px 0 0px 0; text-align:center;\">\n<div data-type=\"_mgwidget\" data-widget-id=\"1576712\">\r\n<\/div>\r\n<script>(function(w,q){w[q]=w[q]||[];w[q].push([\"_mgc.load\"])})(window,\"_mgq\");\r\n<\/script>\r\n\n<\/div>\n<p>Publikimi i nj\u00eb sondazhi nga ABC News Albania, sipas t\u00eb cilit 69.5% e shqiptar\u00ebve jan\u00eb rikthyer n\u00eb vend pas vitit 2013, ka shkaktuar reagime t\u00eb forta n\u00eb politik\u00eb. Nj\u00eb nga reagimet m\u00eb t\u00eb ashpra erdhi nga deputeti i Partia Demokratike e Shqip\u00ebris\u00eb, Edi Paloka.<\/p>\n<p>Paloka reagoi me tone shum\u00eb t\u00eb ashpra ndaj gazetar\u00ebve dhe mediave q\u00eb publikuan sondazhin, duke e kritikuar fort p\u00ebrmbajtjen dhe m\u00ebnyr\u00ebn se si \u00ebsht\u00eb paraqitur n\u00eb publik.<\/p>\n<p>N\u00eb nj\u00eb reagim t\u00eb b\u00ebr\u00eb n\u00eb rrjetet sociale, ai p\u00ebrdori gjuh\u00eb fyese dhe denigruese ndaj mediave dhe gazetar\u00ebve q\u00eb kan\u00eb shp\u00ebrndar\u00eb rezultatet e sondazhit, duke shprehur pak\u00ebnaq\u00ebsin\u00eb e tij p\u00ebr k\u00ebt\u00eb publikim.<\/p>\n<p>N\u00eb postimin e tij, Paloka shkroi mes t\u00eb tjerash: \u201cO ju\u2026 t\u00eb pafytyr\u00eb. Po PD do t\u00eb jet\u00eb n\u00eb rrug\u00ebn e duhur kur t\u00eb filloj\u00eb t\u2019ju pastroj\u00eb nj\u00eb her\u00eb juve, sh\u00ebrb\u00ebtor\u00ebve\u2026\u201d, duke sulmuar drejtp\u00ebrdrejt mediat q\u00eb publikuan t\u00eb dh\u00ebnat.<\/p>\n<p>Deklarata e tij ka ngjallur reagime dhe diskutime n\u00eb rrjetet sociale dhe n\u00eb opinionin publik, nd\u00ebrsa debati p\u00ebr sondazhet dhe interpretimin e tyre vazhdon t\u00eb jet\u00eb i pranish\u00ebm n\u00eb sken\u00ebn politike n\u00eb Shqip\u00ebria.<\/p>\n\n<div style=\"font-size: 0px; height: 0px; line-height: 0px; margin: 0; padding: 0; clear: both;\"><\/div>","protected":false},"excerpt":{"rendered":"<p>Publikimi i nj\u00eb sondazhi nga ABC News Albania, sipas t\u00eb cilit 69.5% e shqiptar\u00ebve jan\u00eb rikthyer n\u00eb vend pas vitit 2013, ka shkaktuar reagime t\u00eb forta n\u00eb&#8230; <\/p>\n","protected":false},"author":1,"featured_media":30206,"comment_status":"open","ping_status":"open","sticky":false,"template":"","format":"standard","meta":{"footnotes":""},"categories":[6],"tags":[],"class_list":["post-30205","post","type-post","status-publish","format-standard","has-post-thumbnail","hentry","category-lajme"],"_links":{"self":[{"href":"https:\/\/new.findnews5.com\/index.php?rest_route=\/wp\/v2\/posts\/30205","targetHints":{"allow":["GET"]}}],"collection":[{"href":"https:\/\/new.findnews5.com\/index.php?rest_route=\/wp\/v2\/posts"}],"about":[{"href":"https:\/\/new.findnews5.com\/index.php?rest_route=\/wp\/v2\/types\/post"}],"author":[{"embeddable":true,"href":"https:\/\/new.findnews5.com\/index.php?rest_route=\/wp\/v2\/users\/1"}],"replies":[{"embeddable":true,"href":"https:\/\/new.findnews5.com\/index.php?rest_route=%2Fwp%2Fv2%2Fcomments&post=30205"}],"version-history":[{"count":1,"href":"https:\/\/new.findnews5.com\/index.php?rest_route=\/wp\/v2\/posts\/30205\/revisions"}],"predecessor-version":[{"id":30207,"href":"https:\/\/new.findnews5.com\/index.php?rest_route=\/wp\/v2\/posts\/30205\/revisions\/30207"}],"wp:featuredmedia":[{"embeddable":true,"href":"https:\/\/new.findnews5.com\/index.php?rest_route=\/wp\/v2\/media\/30206"}],"wp:attachment":[{"href":"https:\/\/new.findnews5.com\/index.php?rest_route=%2Fwp%2Fv2%2Fmedia&parent=30205"}],"wp:term":[{"taxonomy":"category","embeddable":true,"href":"https:\/\/new.findnews5.com\/index.php?rest_route=%2Fwp%2Fv2%2Fcategories&post=30205"},{"taxonomy":"post_tag","embeddable":true,"href":"https:\/\/new.findnews5.com\/index.php?rest_route=%2Fwp%2Fv2%2Ftags&post=30205"}],"curies":[{"name":"wp","href":"https:\/\/api.w.org\/{rel}","templated":true}]}}