{"id":30202,"date":"2026-03-05T09:07:42","date_gmt":"2026-03-05T09:07:42","guid":{"rendered":"https:\/\/new.findnews5.com\/?p=30202"},"modified":"2026-03-05T09:07:43","modified_gmt":"2026-03-05T09:07:43","slug":"bie-qeveria-e-rames-vjen-ne-pushtet-agron-shehaj-romeo-kara-zbulon-permbysjen-e-madhe","status":"publish","type":"post","link":"https:\/\/new.findnews5.com\/?p=30202","title":{"rendered":"Bie qeveria e Ram\u00ebs? Vjen n\u00eb pushtet Agron Shehaj? Romeo Kara zbulon p\u00ebrmbysjen e madhe"},"content":{"rendered":"<div class=\"78954ae5fa42b68c1393fe3da4998882\" data-index=\"1\" style=\"float: none; margin:0px 0 0px 0; text-align:center;\">\n<div data-type=\"_mgwidget\" data-widget-id=\"1576712\">\r\n<\/div>\r\n<script>(function(w,q){w[q]=w[q]||[];w[q].push([\"_mgc.load\"])})(window,\"_mgq\");\r\n<\/script>\r\n\n<\/div>\n<p>A do t\u00eb bjer\u00eb qeveria e Edi Rama? A mund t\u00eb vij\u00eb n\u00eb pushtet Agron Shehaj? Analisti dhe avokati Romeo Kara ka nxitur debat n\u00eb opinionin publik me deklaratat e tij t\u00eb fundit, duke folur p\u00ebr nj\u00eb skenar t\u00eb mundsh\u00ebm q\u00eb mund t\u00eb trondis\u00eb sken\u00ebn politike n\u00eb Shqip\u00ebri.<\/p>\n<p>Sipas Kar\u00ebs, zhvillimet e fundit politike dhe hetimet q\u00eb po zhvillohen n\u00eb disa drejtime mund t\u00eb \u00e7ojn\u00eb drejt nj\u00eb krize t\u00eb thell\u00eb qeveritare, e cila mund t\u00eb vendos\u00eb n\u00eb pik\u00ebpyetje edhe t\u00eb ardhmen e qeveris\u00eb aktuale t\u00eb drejtuar nga kryeministri Rama.<\/p>\n<p>N\u00eb k\u00ebt\u00eb kontekst, ai p\u00ebrmend edhe mund\u00ebsin\u00eb q\u00eb figura t\u00eb reja politike t\u00eb fitojn\u00eb m\u00eb shum\u00eb terren n\u00eb sken\u00ebn publike. Mes tyre p\u00ebrmendet edhe lideri i partis\u00eb Partia Mund\u00ebsia, Agron Shehaj, i cili sipas disa analizave mund t\u00eb shfaqet si nj\u00eb alternativ\u00eb e re p\u00ebr drejtimin e vendit.<\/p>\n<p>Deklaratat e Kar\u00ebs kan\u00eb ngritur pyetjen n\u00ebse b\u00ebhet fjal\u00eb thjesht p\u00ebr nj\u00eb analiz\u00eb politike apo p\u00ebr nj\u00eb paralajm\u00ebrim p\u00ebr ndryshime t\u00eb m\u00ebdha n\u00eb pushtet. Diskutimet rreth k\u00ebtyre komenteve jan\u00eb p\u00ebrhapur gjer\u00ebsisht n\u00eb media dhe rrjetet sociale.<\/p>\n<p>Nd\u00ebrkoh\u00eb, situata politike n\u00eb Shqip\u00ebria vazhdon t\u00eb ndiqet me interes, pasi zhvillimet e ardhshme mund t\u00eb ndikojn\u00eb ndjesh\u00ebm n\u00eb balancat politike dhe n\u00eb debatet publike.<\/p>\n<p>Spekulimet p\u00ebr ndryshime t\u00eb mundshme n\u00eb sken\u00ebn politike kan\u00eb rritur v\u00ebmendjen e publikut p\u00ebr muajt n\u00eb vijim, nd\u00ebrsa analist\u00ebt theksojn\u00eb se dinamika politike mund t\u00eb evoluoj\u00eb shpejt n\u00eb var\u00ebsi t\u00eb zhvillimeve t\u00eb reja.<\/p>\n\n<div style=\"font-size: 0px; height: 0px; line-height: 0px; margin: 0; padding: 0; clear: both;\"><\/div>","protected":false},"excerpt":{"rendered":"<p>A do t\u00eb bjer\u00eb qeveria e Edi Rama? A mund t\u00eb vij\u00eb n\u00eb pushtet Agron Shehaj? Analisti dhe avokati Romeo Kara ka nxitur debat n\u00eb opinionin publik&#8230; <\/p>\n","protected":false},"author":1,"featured_media":30203,"comment_status":"open","ping_status":"open","sticky":false,"template":"","format":"standard","meta":{"footnotes":""},"categories":[6],"tags":[],"class_list":["post-30202","post","type-post","status-publish","format-standard","has-post-thumbnail","hentry","category-lajme"],"_links":{"self":[{"href":"https:\/\/new.findnews5.com\/index.php?rest_route=\/wp\/v2\/posts\/30202","targetHints":{"allow":["GET"]}}],"collection":[{"href":"https:\/\/new.findnews5.com\/index.php?rest_route=\/wp\/v2\/posts"}],"about":[{"href":"https:\/\/new.findnews5.com\/index.php?rest_route=\/wp\/v2\/types\/post"}],"author":[{"embeddable":true,"href":"https:\/\/new.findnews5.com\/index.php?rest_route=\/wp\/v2\/users\/1"}],"replies":[{"embeddable":true,"href":"https:\/\/new.findnews5.com\/index.php?rest_route=%2Fwp%2Fv2%2Fcomments&post=30202"}],"version-history":[{"count":1,"href":"https:\/\/new.findnews5.com\/index.php?rest_route=\/wp\/v2\/posts\/30202\/revisions"}],"predecessor-version":[{"id":30204,"href":"https:\/\/new.findnews5.com\/index.php?rest_route=\/wp\/v2\/posts\/30202\/revisions\/30204"}],"wp:featuredmedia":[{"embeddable":true,"href":"https:\/\/new.findnews5.com\/index.php?rest_route=\/wp\/v2\/media\/30203"}],"wp:attachment":[{"href":"https:\/\/new.findnews5.com\/index.php?rest_route=%2Fwp%2Fv2%2Fmedia&parent=30202"}],"wp:term":[{"taxonomy":"category","embeddable":true,"href":"https:\/\/new.findnews5.com\/index.php?rest_route=%2Fwp%2Fv2%2Fcategories&post=30202"},{"taxonomy":"post_tag","embeddable":true,"href":"https:\/\/new.findnews5.com\/index.php?rest_route=%2Fwp%2Fv2%2Ftags&post=30202"}],"curies":[{"name":"wp","href":"https:\/\/api.w.org\/{rel}","templated":true}]}}