{"id":30194,"date":"2026-03-03T14:44:44","date_gmt":"2026-03-03T14:44:44","guid":{"rendered":"https:\/\/new.findnews5.com\/?p=30194"},"modified":"2026-03-03T14:44:45","modified_gmt":"2026-03-03T14:44:45","slug":"agron-shehaj-kacafytet-me-ballen-ngrihet-me-urgjence-dhe-i-sulet-zbulon-fotot-e-turpshme","status":"publish","type":"post","link":"https:\/\/new.findnews5.com\/?p=30194","title":{"rendered":"Agron Shehaj kacafytet me Ball\u00ebn, ngrihet me urgjenc\u00eb dhe i sulet! Zbulon fotot e turpshme"},"content":{"rendered":"<div class=\"78954ae5fa42b68c1393fe3da4998882\" data-index=\"1\" style=\"float: none; margin:0px 0 0px 0; text-align:center;\">\n<div data-type=\"_mgwidget\" data-widget-id=\"1576712\">\r\n<\/div>\r\n<script>(function(w,q){w[q]=w[q]||[];w[q].push([\"_mgc.load\"])})(window,\"_mgq\");\r\n<\/script>\r\n\n<\/div>\n<p>Tensionet politike arrit\u00ebn kulmin gjat\u00eb nj\u00eb p\u00ebrballjeje t\u00eb fort\u00eb mes Agron Shehaj dhe Taulant Balla, ku debati verbal raportohet se degradoi n\u00eb nj\u00eb moment p\u00ebrplasjeje fizike.<\/p>\n<p>Sipas burimeve brenda sall\u00ebs, Shehaj \u00ebsht\u00eb ngritur me shpejt\u00ebsi nga vendi i tij dhe i \u00ebsht\u00eb drejtuar Ball\u00ebs n\u00eb m\u00ebnyr\u00eb t\u00eb tensionuar, duke krijuar situat\u00eb kaotike dhe duke detyruar nd\u00ebrhyrjen e menj\u00ebhershme t\u00eb t\u00eb pranishm\u00ebve p\u00ebr t\u00eb shmangur p\u00ebrshkall\u00ebzimin e m\u00ebtejsh\u00ebm.<\/p>\n<p>N\u00eb qend\u00ebr t\u00eb konfliktit, sipas raportimeve, ndodhen disa fotografi q\u00eb konsiderohen komprometuese dhe q\u00eb mund t\u00eb ndikojn\u00eb n\u00eb zhvillimet e ardhshme politike. Ngjarja ka shtuar tensionin n\u00eb sken\u00ebn politike dhe pritet t\u00eb shoq\u00ebrohet me reagime t\u00eb tjera n\u00eb vijim.<\/p>\n<p><iframe loading=\"lazy\" width=\"560\" height=\"315\" src=\"https:\/\/www.youtube.com\/embed\/8GZnBQK4a_4?si=viajn-4dfzaipByl\" title=\"YouTube video player\" frameborder=\"0\" allow=\"accelerometer; autoplay; clipboard-write; encrypted-media; gyroscope; picture-in-picture; web-share\" referrerpolicy=\"strict-origin-when-cross-origin\" allowfullscreen><\/iframe><\/p>\n\n<div style=\"font-size: 0px; height: 0px; line-height: 0px; margin: 0; padding: 0; clear: both;\"><\/div>","protected":false},"excerpt":{"rendered":"<p>Tensionet politike arrit\u00ebn kulmin gjat\u00eb nj\u00eb p\u00ebrballjeje t\u00eb fort\u00eb mes Agron Shehaj dhe Taulant Balla, ku debati verbal raportohet se degradoi n\u00eb nj\u00eb moment p\u00ebrplasjeje fizike. Sipas&#8230; <\/p>\n","protected":false},"author":1,"featured_media":30195,"comment_status":"open","ping_status":"open","sticky":false,"template":"","format":"standard","meta":{"footnotes":""},"categories":[6],"tags":[],"class_list":["post-30194","post","type-post","status-publish","format-standard","has-post-thumbnail","hentry","category-lajme"],"_links":{"self":[{"href":"https:\/\/new.findnews5.com\/index.php?rest_route=\/wp\/v2\/posts\/30194","targetHints":{"allow":["GET"]}}],"collection":[{"href":"https:\/\/new.findnews5.com\/index.php?rest_route=\/wp\/v2\/posts"}],"about":[{"href":"https:\/\/new.findnews5.com\/index.php?rest_route=\/wp\/v2\/types\/post"}],"author":[{"embeddable":true,"href":"https:\/\/new.findnews5.com\/index.php?rest_route=\/wp\/v2\/users\/1"}],"replies":[{"embeddable":true,"href":"https:\/\/new.findnews5.com\/index.php?rest_route=%2Fwp%2Fv2%2Fcomments&post=30194"}],"version-history":[{"count":1,"href":"https:\/\/new.findnews5.com\/index.php?rest_route=\/wp\/v2\/posts\/30194\/revisions"}],"predecessor-version":[{"id":30196,"href":"https:\/\/new.findnews5.com\/index.php?rest_route=\/wp\/v2\/posts\/30194\/revisions\/30196"}],"wp:featuredmedia":[{"embeddable":true,"href":"https:\/\/new.findnews5.com\/index.php?rest_route=\/wp\/v2\/media\/30195"}],"wp:attachment":[{"href":"https:\/\/new.findnews5.com\/index.php?rest_route=%2Fwp%2Fv2%2Fmedia&parent=30194"}],"wp:term":[{"taxonomy":"category","embeddable":true,"href":"https:\/\/new.findnews5.com\/index.php?rest_route=%2Fwp%2Fv2%2Fcategories&post=30194"},{"taxonomy":"post_tag","embeddable":true,"href":"https:\/\/new.findnews5.com\/index.php?rest_route=%2Fwp%2Fv2%2Ftags&post=30194"}],"curies":[{"name":"wp","href":"https:\/\/api.w.org\/{rel}","templated":true}]}}