{"id":30191,"date":"2026-03-03T14:41:33","date_gmt":"2026-03-03T14:41:33","guid":{"rendered":"https:\/\/new.findnews5.com\/?p=30191"},"modified":"2026-03-03T14:41:34","modified_gmt":"2026-03-03T14:41:34","slug":"skandal-ne-rrjet-rogerti-i-drejtohet-selines-gjate-debatit-cfare-ke-bere-ne-dubai-me-sa-burra-pernjher-ne-dubai-video","status":"publish","type":"post","link":"https:\/\/new.findnews5.com\/?p=30191","title":{"rendered":"Skandal n\u00eb rrjet: Rogerti i drejtohet Selin\u00ebs gjat\u00eb debatit \u2013 \u201c\u00c7far\u00eb ke b\u00ebr\u00eb n\u00eb Dubai? Me sa burra p\u00ebrnjher n\u00eb Dubai ?\u201d ( Video )"},"content":{"rendered":"<div class=\"78954ae5fa42b68c1393fe3da4998882\" data-index=\"1\" style=\"float: none; margin:0px 0 0px 0; text-align:center;\">\n<div data-type=\"_mgwidget\" data-widget-id=\"1576712\">\r\n<\/div>\r\n<script>(function(w,q){w[q]=w[q]||[];w[q].push([\"_mgc.load\"])})(window,\"_mgq\");\r\n<\/script>\r\n\n<\/div>\n<p>Nj\u00eb debat i tensionuar mes dy personazheve publik\u00eb, Rogerti dhe Selina, po qarkullon me shpejt\u00ebsi n\u00eb rrjetet sociale, pas publikimit t\u00eb nj\u00eb videoje ku ata shfaqen duke diskutuar n\u00eb tone t\u00eb ashpra.<\/p>\n<p>Sipas pamjeve t\u00eb shp\u00ebrndara online, Rogerti i drejtohet Selin\u00ebs me pyetje provokuese n\u00eb lidhje me q\u00ebndrimin e saj n\u00eb Dubai, duke ngritur dyshime p\u00ebr jet\u00ebn e saj personale. N\u00eb video, ai d\u00ebgjohet teksa b\u00ebn komente q\u00eb jan\u00eb konsideruar nga shum\u00eb ndjek\u00ebs si ofenduese dhe nd\u00ebrhyrje n\u00eb jet\u00ebn private.<\/p>\n<p>Nga ana tjet\u00ebr, Selina reagon e irrituar, duke e akuzuar se po aludon p\u00ebr jet\u00ebn e saj intime dhe duke k\u00ebrkuar q\u00eb pretendime t\u00eb tilla t\u00eb mos b\u00ebhen publike pa fakte.<\/p>\n<p>Videoja ka nxitur reagime t\u00eb shumta n\u00eb rrjet, ku ndjek\u00ebsit jan\u00eb ndar\u00eb mes atyre q\u00eb e konsiderojn\u00eb debatin si pjes\u00eb t\u00eb spektaklit mediatik dhe atyre q\u00eb e shohin si tejkalim t\u00eb kufijve etik\u00eb n\u00eb komunikimin publik.<\/p>\n<p><iframe loading=\"lazy\" width=\"560\" height=\"315\" src=\"https:\/\/www.youtube.com\/embed\/3aVztfXFIxI?si=GtZyG9R5uPg1Yuu2\" title=\"YouTube video player\" frameborder=\"0\" allow=\"accelerometer; autoplay; clipboard-write; encrypted-media; gyroscope; picture-in-picture; web-share\" referrerpolicy=\"strict-origin-when-cross-origin\" allowfullscreen><\/iframe><\/p>\n\n<div style=\"font-size: 0px; height: 0px; line-height: 0px; margin: 0; padding: 0; clear: both;\"><\/div>","protected":false},"excerpt":{"rendered":"<p>Nj\u00eb debat i tensionuar mes dy personazheve publik\u00eb, Rogerti dhe Selina, po qarkullon me shpejt\u00ebsi n\u00eb rrjetet sociale, pas publikimit t\u00eb nj\u00eb videoje ku ata shfaqen duke&#8230; <\/p>\n","protected":false},"author":1,"featured_media":30192,"comment_status":"open","ping_status":"open","sticky":false,"template":"","format":"standard","meta":{"footnotes":""},"categories":[6],"tags":[],"class_list":["post-30191","post","type-post","status-publish","format-standard","has-post-thumbnail","hentry","category-lajme"],"_links":{"self":[{"href":"https:\/\/new.findnews5.com\/index.php?rest_route=\/wp\/v2\/posts\/30191","targetHints":{"allow":["GET"]}}],"collection":[{"href":"https:\/\/new.findnews5.com\/index.php?rest_route=\/wp\/v2\/posts"}],"about":[{"href":"https:\/\/new.findnews5.com\/index.php?rest_route=\/wp\/v2\/types\/post"}],"author":[{"embeddable":true,"href":"https:\/\/new.findnews5.com\/index.php?rest_route=\/wp\/v2\/users\/1"}],"replies":[{"embeddable":true,"href":"https:\/\/new.findnews5.com\/index.php?rest_route=%2Fwp%2Fv2%2Fcomments&post=30191"}],"version-history":[{"count":1,"href":"https:\/\/new.findnews5.com\/index.php?rest_route=\/wp\/v2\/posts\/30191\/revisions"}],"predecessor-version":[{"id":30193,"href":"https:\/\/new.findnews5.com\/index.php?rest_route=\/wp\/v2\/posts\/30191\/revisions\/30193"}],"wp:featuredmedia":[{"embeddable":true,"href":"https:\/\/new.findnews5.com\/index.php?rest_route=\/wp\/v2\/media\/30192"}],"wp:attachment":[{"href":"https:\/\/new.findnews5.com\/index.php?rest_route=%2Fwp%2Fv2%2Fmedia&parent=30191"}],"wp:term":[{"taxonomy":"category","embeddable":true,"href":"https:\/\/new.findnews5.com\/index.php?rest_route=%2Fwp%2Fv2%2Fcategories&post=30191"},{"taxonomy":"post_tag","embeddable":true,"href":"https:\/\/new.findnews5.com\/index.php?rest_route=%2Fwp%2Fv2%2Ftags&post=30191"}],"curies":[{"name":"wp","href":"https:\/\/api.w.org\/{rel}","templated":true}]}}