{"id":30185,"date":"2026-03-03T14:35:15","date_gmt":"2026-03-03T14:35:15","guid":{"rendered":"https:\/\/new.findnews5.com\/?p=30185"},"modified":"2026-03-03T14:35:16","modified_gmt":"2026-03-03T14:35:16","slug":"berisha-akuzon-policia-e-infiltruar-dogji-vilen-e-diktatorit-plani-i-fshehte-per-te-fajesuar-pd-ne","status":"publish","type":"post","link":"https:\/\/new.findnews5.com\/?p=30185","title":{"rendered":"BERISHA AKUZON: Policia e infiltruar dogji vil\u00ebn e diktatorit! Plani i fsheht\u00eb p\u00ebr t\u00eb faj\u00ebsuar PD-n\u00eb!"},"content":{"rendered":"<div class=\"78954ae5fa42b68c1393fe3da4998882\" data-index=\"1\" style=\"float: none; margin:0px 0 0px 0; text-align:center;\">\n<div data-type=\"_mgwidget\" data-widget-id=\"1576712\">\r\n<\/div>\r\n<script>(function(w,q){w[q]=w[q]||[];w[q].push([\"_mgc.load\"])})(window,\"_mgq\");\r\n<\/script>\r\n\n<\/div>\n<p>Kreu i Partis\u00eb Demokratike, Sali Berisha, ka reaguar n\u00eb lidhje me incidentin e ndodhur pran\u00eb vil\u00ebs s\u00eb ish-diktatorit Enver Hoxha, duke deklaruar se protestuesit kishin informacion se aty ndodhej kryeministri Edi Rama.<\/p>\n<p>Gjat\u00eb fjal\u00ebs s\u00eb tij, Berisha e cil\u00ebsoi protest\u00ebn si nj\u00eb \u201cmarshim triumfi\u201d, duke theksuar se data 28 shkurt, sipas tij, do t\u00eb mbetet n\u00eb histori si nj\u00eb moment i r\u00ebnd\u00ebsish\u00ebm i nj\u00eb \u201ckryengritjeje paq\u00ebsore\u201d kund\u00ebr qeveris\u00eb.<\/p>\n<p>\u201cP\u00ebr tre or\u00eb, marshi juaj ishte marshi i fitores, marshi i dinjitetit dhe i guximit. Ishte nj\u00eb mesazh p\u00ebr \u00e7do shqiptar, p\u00ebr miqt\u00eb tan\u00eb n\u00eb Europ\u00eb dhe n\u00eb bot\u00eb, si dhe nj\u00eb paralajm\u00ebrim p\u00ebr Edi Ram\u00ebn\u201d, u shpreh ai.<\/p>\n<p>Duke iu referuar hedhjes s\u00eb nj\u00eb molotovi drejt vil\u00ebs s\u00eb Enver Hoxh\u00ebs, Berisha tha se ky veprim ndodhi pasi protestuesit besonin se kryeministri banonte n\u00eb at\u00eb godin\u00eb. Sipas tij, m\u00eb pas rezultoi se Rama nuk jetonte aty, por n\u00eb nj\u00eb tjet\u00ebr rezidenc\u00eb.<\/p>\n<p>Deklaratat e tij kan\u00eb nxitur reagime dhe debat n\u00eb opinionin publik, nd\u00ebrsa ngjarja mbetet objekt diskutimi n\u00eb sken\u00ebn politike.<\/p>\n\n<div style=\"font-size: 0px; height: 0px; line-height: 0px; margin: 0; padding: 0; clear: both;\"><\/div>","protected":false},"excerpt":{"rendered":"<p>Kreu i Partis\u00eb Demokratike, Sali Berisha, ka reaguar n\u00eb lidhje me incidentin e ndodhur pran\u00eb vil\u00ebs s\u00eb ish-diktatorit Enver Hoxha, duke deklaruar se protestuesit kishin informacion se&#8230; <\/p>\n","protected":false},"author":1,"featured_media":30186,"comment_status":"open","ping_status":"open","sticky":false,"template":"","format":"standard","meta":{"footnotes":""},"categories":[6],"tags":[],"class_list":["post-30185","post","type-post","status-publish","format-standard","has-post-thumbnail","hentry","category-lajme"],"_links":{"self":[{"href":"https:\/\/new.findnews5.com\/index.php?rest_route=\/wp\/v2\/posts\/30185","targetHints":{"allow":["GET"]}}],"collection":[{"href":"https:\/\/new.findnews5.com\/index.php?rest_route=\/wp\/v2\/posts"}],"about":[{"href":"https:\/\/new.findnews5.com\/index.php?rest_route=\/wp\/v2\/types\/post"}],"author":[{"embeddable":true,"href":"https:\/\/new.findnews5.com\/index.php?rest_route=\/wp\/v2\/users\/1"}],"replies":[{"embeddable":true,"href":"https:\/\/new.findnews5.com\/index.php?rest_route=%2Fwp%2Fv2%2Fcomments&post=30185"}],"version-history":[{"count":1,"href":"https:\/\/new.findnews5.com\/index.php?rest_route=\/wp\/v2\/posts\/30185\/revisions"}],"predecessor-version":[{"id":30187,"href":"https:\/\/new.findnews5.com\/index.php?rest_route=\/wp\/v2\/posts\/30185\/revisions\/30187"}],"wp:featuredmedia":[{"embeddable":true,"href":"https:\/\/new.findnews5.com\/index.php?rest_route=\/wp\/v2\/media\/30186"}],"wp:attachment":[{"href":"https:\/\/new.findnews5.com\/index.php?rest_route=%2Fwp%2Fv2%2Fmedia&parent=30185"}],"wp:term":[{"taxonomy":"category","embeddable":true,"href":"https:\/\/new.findnews5.com\/index.php?rest_route=%2Fwp%2Fv2%2Fcategories&post=30185"},{"taxonomy":"post_tag","embeddable":true,"href":"https:\/\/new.findnews5.com\/index.php?rest_route=%2Fwp%2Fv2%2Ftags&post=30185"}],"curies":[{"name":"wp","href":"https:\/\/api.w.org\/{rel}","templated":true}]}}