{"id":30182,"date":"2026-03-03T14:33:13","date_gmt":"2026-03-03T14:33:13","guid":{"rendered":"https:\/\/new.findnews5.com\/?p=30182"},"modified":"2026-03-03T14:33:14","modified_gmt":"2026-03-03T14:33:14","slug":"si-rralle-ne-histori-paralajmerimi-i-meteorologut-cfare-na-pret-pas-15-marsit","status":"publish","type":"post","link":"https:\/\/new.findnews5.com\/?p=30182","title":{"rendered":"SI RRALL\u00cb N\u00cb HISTORI! PARALAJM\u00cbRIMI I METEOROLOGUT: \u00c7FAR\u00cb NA PRET PAS 15 MARSIT"},"content":{"rendered":"<div class=\"78954ae5fa42b68c1393fe3da4998882\" data-index=\"1\" style=\"float: none; margin:0px 0 0px 0; text-align:center;\">\n<div data-type=\"_mgwidget\" data-widget-id=\"1576712\">\r\n<\/div>\r\n<script>(function(w,q){w[q]=w[q]||[];w[q].push([\"_mgc.load\"])})(window,\"_mgq\");\r\n<\/script>\r\n\n<\/div>\n<p>Meteorologu i njohur, Hakil Osmani, ka b\u00ebr\u00eb nj\u00eb parashikim p\u00ebr muajin mars, duke theksuar se ai do t\u00eb karakterizohet nga ndryshueshm\u00ebri tipike pranverore dhe temperatura relativisht t\u00eb larta.<\/p>\n<p>Sipas tij, ndryshe nga disa vite t\u00eb tjera, marsi i k\u00ebtij viti pritet t\u00eb sjell\u00eb temperatura tipike pranverore, madje n\u00eb disa dit\u00eb ato do t\u00eb ngjiten deri n\u00eb 22 grad\u00eb Celsius. Ai thekson se 15 dit\u00ebt e para t\u00eb muajit do t\u00eb dominohen nga mot i q\u00ebndruesh\u00ebm, megjith\u00ebse nuk do t\u00eb mungojn\u00eb alternimet me vran\u00ebsira t\u00eb shpeshta dhe reshje t\u00eb pakta shiu n\u00eb zona t\u00eb caktuara.<\/p>\n<p>\u201cKjo jav\u00eb pritet t\u00eb jet\u00eb tipike pranverore, pasi temperaturat do t\u00eb jen\u00eb m\u00eb t\u00eb larta krahasuar me mesataren e muajit mars, me maksimume q\u00eb do t\u00eb luhaten nga 20 deri n\u00eb 22 grad\u00eb Celsius. Rritja e temperaturave do t\u00eb ndihet jo vet\u00ebm gjat\u00eb or\u00ebve t\u00eb mesdit\u00ebs, por edhe n\u00eb m\u00ebngjes.<\/p>\n<p>Dita e premte dhe fundjava do t\u00eb karakterizohen nga mot i q\u00ebndruesh\u00ebm dhe intervale t\u00eb gjata me diell. Pjesa e par\u00eb e marsit do t\u00eb dominohet nga kthjellime dhe temperatura t\u00eb larta, nd\u00ebrsa n\u00eb pjes\u00ebn e dyt\u00eb t\u00eb muajit pritet shtim i vran\u00ebsirave dhe reshje shiu\u201d, u shpreh ai.<\/p>\n\n<div style=\"font-size: 0px; height: 0px; line-height: 0px; margin: 0; padding: 0; clear: both;\"><\/div>","protected":false},"excerpt":{"rendered":"<p>Meteorologu i njohur, Hakil Osmani, ka b\u00ebr\u00eb nj\u00eb parashikim p\u00ebr muajin mars, duke theksuar se ai do t\u00eb karakterizohet nga ndryshueshm\u00ebri tipike pranverore dhe temperatura relativisht t\u00eb&#8230; <\/p>\n","protected":false},"author":1,"featured_media":30183,"comment_status":"open","ping_status":"open","sticky":false,"template":"","format":"standard","meta":{"footnotes":""},"categories":[6],"tags":[],"class_list":["post-30182","post","type-post","status-publish","format-standard","has-post-thumbnail","hentry","category-lajme"],"_links":{"self":[{"href":"https:\/\/new.findnews5.com\/index.php?rest_route=\/wp\/v2\/posts\/30182","targetHints":{"allow":["GET"]}}],"collection":[{"href":"https:\/\/new.findnews5.com\/index.php?rest_route=\/wp\/v2\/posts"}],"about":[{"href":"https:\/\/new.findnews5.com\/index.php?rest_route=\/wp\/v2\/types\/post"}],"author":[{"embeddable":true,"href":"https:\/\/new.findnews5.com\/index.php?rest_route=\/wp\/v2\/users\/1"}],"replies":[{"embeddable":true,"href":"https:\/\/new.findnews5.com\/index.php?rest_route=%2Fwp%2Fv2%2Fcomments&post=30182"}],"version-history":[{"count":1,"href":"https:\/\/new.findnews5.com\/index.php?rest_route=\/wp\/v2\/posts\/30182\/revisions"}],"predecessor-version":[{"id":30184,"href":"https:\/\/new.findnews5.com\/index.php?rest_route=\/wp\/v2\/posts\/30182\/revisions\/30184"}],"wp:featuredmedia":[{"embeddable":true,"href":"https:\/\/new.findnews5.com\/index.php?rest_route=\/wp\/v2\/media\/30183"}],"wp:attachment":[{"href":"https:\/\/new.findnews5.com\/index.php?rest_route=%2Fwp%2Fv2%2Fmedia&parent=30182"}],"wp:term":[{"taxonomy":"category","embeddable":true,"href":"https:\/\/new.findnews5.com\/index.php?rest_route=%2Fwp%2Fv2%2Fcategories&post=30182"},{"taxonomy":"post_tag","embeddable":true,"href":"https:\/\/new.findnews5.com\/index.php?rest_route=%2Fwp%2Fv2%2Ftags&post=30182"}],"curies":[{"name":"wp","href":"https:\/\/api.w.org\/{rel}","templated":true}]}}