{"id":30175,"date":"2026-03-02T14:16:16","date_gmt":"2026-03-02T14:16:16","guid":{"rendered":"https:\/\/new.findnews5.com\/?p=30175"},"modified":"2026-03-02T14:16:17","modified_gmt":"2026-03-02T14:16:17","slug":"aeroporti-nderkombetar-i-tiranes-del-me-njoftimin-urgjent-dhe-pezullon-keto-fluturime","status":"publish","type":"post","link":"https:\/\/new.findnews5.com\/?p=30175","title":{"rendered":"Aeroporti Nd\u00ebrkomb\u00ebtar i Tiran\u00ebs del me njoftimin urgjent dhe pezullon k\u00ebto fluturime"},"content":{"rendered":"<div class=\"78954ae5fa42b68c1393fe3da4998882\" data-index=\"1\" style=\"float: none; margin:0px 0 0px 0; text-align:center;\">\n<div data-type=\"_mgwidget\" data-widget-id=\"1576712\">\r\n<\/div>\r\n<script>(function(w,q){w[q]=w[q]||[];w[q].push([\"_mgc.load\"])})(window,\"_mgq\");\r\n<\/script>\r\n\n<\/div>\n<p>Aeroporti Nd\u00ebrkomb\u00ebtar i Tiran\u00ebs ka njoftuar pezullimin e p\u00ebrkohsh\u00ebm t\u00eb fluturimeve drejt Tel Aviv dhe Dubai, p\u00ebr shkak t\u00eb p\u00ebrkeq\u00ebsimit t\u00eb situat\u00ebs s\u00eb siguris\u00eb n\u00eb Lindjen e Mesme. Vendimi ka hyr\u00eb n\u00eb fuqi menj\u00ebher\u00eb dhe do t\u00eb mbetet n\u00eb fuqi deri n\u00eb nj\u00eb njoftim t\u00eb dyt\u00eb.<\/p>\n<p>Sipas njoftimit zyrtar, masa lidhet drejtp\u00ebrdrejt me p\u00ebrshkall\u00ebzimin e konfliktit n\u00eb rajon dhe mbylljen e disa hap\u00ebsirave ajrore q\u00eb ndikojn\u00eb n\u00eb itineraret e k\u00ebtyre destinacioneve. Autoritetet theksuan se zhvillimet e fundit kan\u00eb imponuar rishikim t\u00eb menj\u00ebhersh\u00ebm t\u00eb operimeve.<\/p>\n<p>Siguria e pasagjer\u00ebve dhe e ekuipazheve \u00ebsht\u00eb cil\u00ebsuar si prioritet absolut, ndaj pezullimi konsiderohet mas\u00eb parandaluese. Aeroporti b\u00ebri t\u00eb ditur se po ndjek nga af\u00ebr situat\u00ebn dhe po bashk\u00ebpunon me kompanit\u00eb ajrore p\u00ebr \u00e7do hap t\u00eb m\u00ebtejsh\u00ebm.<\/p>\n<p>Pasagjer\u00ebve u \u00ebsht\u00eb rekomanduar t\u00eb kontaktojn\u00eb drejtp\u00ebrdrejt linjat ajrore p\u00ebr informacione mbi rezervimet, rimbursimet ose alternativat e udh\u00ebtimit. \u00c7do p\u00ebrdit\u00ebsim do t\u00eb publikohet n\u00eb koh\u00eb reale p\u00ebrmes kanaleve zyrtare t\u00eb komunikimit.<\/p>\n<p>Fluturimet direkte mes Tiran\u00ebs dhe Tel Avivit nis\u00ebn vitin e kaluar, si p\u00ebrgjigje ndaj rritjes s\u00eb ndjeshme t\u00eb k\u00ebrkes\u00ebs p\u00ebr udh\u00ebtime mes dy vendeve. K\u00ebto linja u konsideruan nj\u00eb hap i r\u00ebnd\u00ebsish\u00ebm n\u00eb forcimin e lidhjeve turistike dhe ekonomike.<\/p>\n<p>S\u00eb fundmi, Shqip\u00ebria ka sh\u00ebnuar rritje t\u00eb dukshme t\u00eb turist\u00ebve izraelit\u00eb, ve\u00e7an\u00ebrisht gjat\u00eb sezonit veror dhe tureve kulturore. Megjithat\u00eb, vala e re e konfliktit mes Izraelit dhe Iranit pritet t\u00eb ndikoj\u00eb p\u00ebrkoh\u00ebsisht k\u00ebt\u00eb fluks, duke krijuar pasiguri n\u00eb sektorin e turizmit dhe transportit ajror.<\/p>\n\n<div style=\"font-size: 0px; height: 0px; line-height: 0px; margin: 0; padding: 0; clear: both;\"><\/div>","protected":false},"excerpt":{"rendered":"<p>Aeroporti Nd\u00ebrkomb\u00ebtar i Tiran\u00ebs ka njoftuar pezullimin e p\u00ebrkohsh\u00ebm t\u00eb fluturimeve drejt Tel Aviv dhe Dubai, p\u00ebr shkak t\u00eb p\u00ebrkeq\u00ebsimit t\u00eb situat\u00ebs s\u00eb siguris\u00eb n\u00eb Lindjen e&#8230; <\/p>\n","protected":false},"author":1,"featured_media":30176,"comment_status":"open","ping_status":"open","sticky":false,"template":"","format":"standard","meta":{"footnotes":""},"categories":[6],"tags":[],"class_list":["post-30175","post","type-post","status-publish","format-standard","has-post-thumbnail","hentry","category-lajme"],"_links":{"self":[{"href":"https:\/\/new.findnews5.com\/index.php?rest_route=\/wp\/v2\/posts\/30175","targetHints":{"allow":["GET"]}}],"collection":[{"href":"https:\/\/new.findnews5.com\/index.php?rest_route=\/wp\/v2\/posts"}],"about":[{"href":"https:\/\/new.findnews5.com\/index.php?rest_route=\/wp\/v2\/types\/post"}],"author":[{"embeddable":true,"href":"https:\/\/new.findnews5.com\/index.php?rest_route=\/wp\/v2\/users\/1"}],"replies":[{"embeddable":true,"href":"https:\/\/new.findnews5.com\/index.php?rest_route=%2Fwp%2Fv2%2Fcomments&post=30175"}],"version-history":[{"count":1,"href":"https:\/\/new.findnews5.com\/index.php?rest_route=\/wp\/v2\/posts\/30175\/revisions"}],"predecessor-version":[{"id":30177,"href":"https:\/\/new.findnews5.com\/index.php?rest_route=\/wp\/v2\/posts\/30175\/revisions\/30177"}],"wp:featuredmedia":[{"embeddable":true,"href":"https:\/\/new.findnews5.com\/index.php?rest_route=\/wp\/v2\/media\/30176"}],"wp:attachment":[{"href":"https:\/\/new.findnews5.com\/index.php?rest_route=%2Fwp%2Fv2%2Fmedia&parent=30175"}],"wp:term":[{"taxonomy":"category","embeddable":true,"href":"https:\/\/new.findnews5.com\/index.php?rest_route=%2Fwp%2Fv2%2Fcategories&post=30175"},{"taxonomy":"post_tag","embeddable":true,"href":"https:\/\/new.findnews5.com\/index.php?rest_route=%2Fwp%2Fv2%2Ftags&post=30175"}],"curies":[{"name":"wp","href":"https:\/\/api.w.org\/{rel}","templated":true}]}}