{"id":30172,"date":"2026-03-02T14:13:59","date_gmt":"2026-03-02T14:13:59","guid":{"rendered":"https:\/\/new.findnews5.com\/?p=30172"},"modified":"2026-03-02T14:14:00","modified_gmt":"2026-03-02T14:14:00","slug":"rritja-e-pensioneve-shtesave-paga-e-13-te-kurti-rritjen-ekonomike-nuk-e-mbajme-ne-shtet-por-e-shperndajme","status":"publish","type":"post","link":"https:\/\/new.findnews5.com\/?p=30172","title":{"rendered":"Rritja e pensioneve, shtesave, paga e 13-t\u00eb, Kurti: Rritjen ekonomike nuk e mbajm\u00eb n\u00eb shtet, por e shp\u00ebrndajm\u00eb"},"content":{"rendered":"<div class=\"78954ae5fa42b68c1393fe3da4998882\" data-index=\"1\" style=\"float: none; margin:0px 0 0px 0; text-align:center;\">\n<div data-type=\"_mgwidget\" data-widget-id=\"1576712\">\r\n<\/div>\r\n<script>(function(w,q){w[q]=w[q]||[];w[q].push([\"_mgc.load\"])})(window,\"_mgq\");\r\n<\/script>\r\n\n<\/div>\n<p>Kryeministri i Kosov\u00ebs, Albin Kurti, mori fjal\u00ebn n\u00eb seanc\u00ebn parlamentare p\u00ebr buxhetin, pas kritikave t\u00eb opozit\u00ebs q\u00eb e lidh\u00ebn projektbuxhetin me ekspozen\u00eb e prezantuar gjat\u00eb votimit t\u00eb qeveris\u00eb. Ai kund\u00ebrshtoi pretendimet se dokumenti financiar duhet t\u00eb ishte n\u00eb p\u00ebrputhje t\u00eb plot\u00eb me deklarimet e m\u00ebparshme politike.<\/p>\n<p>Sipas tij, do t\u00eb ishte e pazakont\u00eb q\u00eb buxheti t\u00eb harmonizohej drejtp\u00ebrdrejt me ekspozen\u00eb, pasi prioritet duhet t\u00eb ket\u00eb programi qeveritar dhe zhvillimet konkrete gjat\u00eb mandatit. Kurti theksoi se procesi p\u00ebrfshin zotimet elektorale, programin e ri dhe m\u00eb pas rishikimin e projeksioneve buxhetore.<\/p>\n<p>Ai e cil\u00ebsoi si \u201ckryefjal\u00eb\u201d t\u00eb projektbuxhetit shifr\u00ebn prej afro kat\u00ebr miliard\u00eb eurosh, duke theksuar se rreth nj\u00eb miliard euro jan\u00eb planifikuar p\u00ebr investime kapitale. Sipas tij, kjo p\u00ebrb\u00ebn nj\u00eb fokus t\u00eb qart\u00eb drejt zhvillimit infrastrukturor dhe ekonomik.<\/p>\n<p>Nj\u00eb nga risit\u00eb e p\u00ebrmendura ishte paga e 13-t\u00eb p\u00ebr punonj\u00ebsit e sektorit publik, ku kush punon 12 muaj do t\u00eb p\u00ebrfitoj\u00eb nj\u00eb pag\u00eb shtes\u00eb. Po ashtu, ai theksoi rritjen e pag\u00ebs baz\u00eb me 0.5% p\u00ebr \u00e7do vit p\u00ebrvoj\u00eb pune, duke e konsideruar k\u00ebt\u00eb si dyfishim t\u00eb shtes\u00ebs aktuale t\u00eb p\u00ebrvoj\u00ebs.<\/p>\n<p>Projektbuxheti p\u00ebr vitin 2026 p\u00ebrfshin gjithashtu rritje t\u00eb pensioneve, shtesave p\u00ebr f\u00ebmij\u00eb dhe lehona, si dhe mb\u00ebshtetje financiare p\u00ebr t\u00eb rinjt\u00eb dhe grat\u00eb e angazhuara n\u00eb programin \u201cSuper Puna\u201d. Sipas Kurtit, k\u00ebto masa synojn\u00eb t\u00eb forcojn\u00eb mir\u00ebqenien sociale dhe p\u00ebrfshirjen ekonomike.<\/p>\n<p>N\u00eb p\u00ebrmbyllje, ai theksoi se orientimi i qeveris\u00eb \u00ebsht\u00eb q\u00eb rritja ekonomike t\u00eb mos mbetet vet\u00ebm n\u00eb nivel shtet\u00ebror, por t\u00eb shp\u00ebrndahet n\u00eb shoq\u00ebri. Sipas tij, buxheti pasqyron pik\u00ebrisht k\u00ebt\u00eb filozofi t\u00eb shp\u00ebrndarjes m\u00eb t\u00eb gjer\u00eb t\u00eb zhvillimit dhe t\u00eb ardhurave.<\/p>\n\n<div style=\"font-size: 0px; height: 0px; line-height: 0px; margin: 0; padding: 0; clear: both;\"><\/div>","protected":false},"excerpt":{"rendered":"<p>Kryeministri i Kosov\u00ebs, Albin Kurti, mori fjal\u00ebn n\u00eb seanc\u00ebn parlamentare p\u00ebr buxhetin, pas kritikave t\u00eb opozit\u00ebs q\u00eb e lidh\u00ebn projektbuxhetin me ekspozen\u00eb e prezantuar gjat\u00eb votimit t\u00eb&#8230; <\/p>\n","protected":false},"author":1,"featured_media":30173,"comment_status":"open","ping_status":"open","sticky":false,"template":"","format":"standard","meta":{"footnotes":""},"categories":[6],"tags":[],"class_list":["post-30172","post","type-post","status-publish","format-standard","has-post-thumbnail","hentry","category-lajme"],"_links":{"self":[{"href":"https:\/\/new.findnews5.com\/index.php?rest_route=\/wp\/v2\/posts\/30172","targetHints":{"allow":["GET"]}}],"collection":[{"href":"https:\/\/new.findnews5.com\/index.php?rest_route=\/wp\/v2\/posts"}],"about":[{"href":"https:\/\/new.findnews5.com\/index.php?rest_route=\/wp\/v2\/types\/post"}],"author":[{"embeddable":true,"href":"https:\/\/new.findnews5.com\/index.php?rest_route=\/wp\/v2\/users\/1"}],"replies":[{"embeddable":true,"href":"https:\/\/new.findnews5.com\/index.php?rest_route=%2Fwp%2Fv2%2Fcomments&post=30172"}],"version-history":[{"count":1,"href":"https:\/\/new.findnews5.com\/index.php?rest_route=\/wp\/v2\/posts\/30172\/revisions"}],"predecessor-version":[{"id":30174,"href":"https:\/\/new.findnews5.com\/index.php?rest_route=\/wp\/v2\/posts\/30172\/revisions\/30174"}],"wp:featuredmedia":[{"embeddable":true,"href":"https:\/\/new.findnews5.com\/index.php?rest_route=\/wp\/v2\/media\/30173"}],"wp:attachment":[{"href":"https:\/\/new.findnews5.com\/index.php?rest_route=%2Fwp%2Fv2%2Fmedia&parent=30172"}],"wp:term":[{"taxonomy":"category","embeddable":true,"href":"https:\/\/new.findnews5.com\/index.php?rest_route=%2Fwp%2Fv2%2Fcategories&post=30172"},{"taxonomy":"post_tag","embeddable":true,"href":"https:\/\/new.findnews5.com\/index.php?rest_route=%2Fwp%2Fv2%2Ftags&post=30172"}],"curies":[{"name":"wp","href":"https:\/\/api.w.org\/{rel}","templated":true}]}}