{"id":25272,"date":"2025-05-10T16:15:28","date_gmt":"2025-05-10T16:15:28","guid":{"rendered":"https:\/\/new.findnews5.com\/?p=25272"},"modified":"2025-05-10T16:15:30","modified_gmt":"2025-05-10T16:15:30","slug":"25272","status":"publish","type":"post","link":"https:\/\/new.findnews5.com\/?p=25272","title":{"rendered":""},"content":{"rendered":"<div class=\"78954ae5fa42b68c1393fe3da4998882\" data-index=\"1\" style=\"float: none; margin:0px 0 0px 0; text-align:center;\">\n<div data-type=\"_mgwidget\" data-widget-id=\"1576712\">\r\n<\/div>\r\n<script>(function(w,q){w[q]=w[q]||[];w[q].push([\"_mgc.load\"])})(window,\"_mgq\");\r\n<\/script>\r\n\n<\/div>\n\n<p>Qytetar\u00ebt do t\u00eb paguajn\u00eb p\u00ebr \u00e7do sh\u00ebrbim, p\u00ebrve\u00e7 rastit kur shkojn\u00eb n\u00eb gjendje urgjente, nj\u00eb prag i friksh\u00ebm p\u00ebr nj\u00eb vend q\u00eb ka vuajtur gjat\u00eb munges\u00ebn e aksesit dhe cil\u00ebsis\u00eb n\u00eb kujdesin sh\u00ebndet\u00ebsor. N\u00eb vend t\u00eb transparenc\u00ebs, shohim nj\u00eb tjet\u00ebr mask\u00eb t\u00eb vendosur mbi nj\u00eb mashtrim t\u00eb vjet\u00ebr. N\u00eb vend t\u00eb ekselenc\u00ebs s\u00eb premtuar, populli rrezikon t\u00eb mbetet n\u00ebn m\u00ebshir\u00ebn e tregut dhe monopoleve. Por kur besimi n\u00eb shtet kthehet n\u00eb fatur\u00eb p\u00ebr jet\u00eb, at\u00ebher\u00eb propaganda nuk sh\u00ebron m\u00eb. Kjo nuk \u00ebsht\u00eb reform\u00eb, por \u00ebsht\u00eb tradhti e heshtur ndaj nj\u00eb t\u00eb drejte themelore: sh\u00ebndet\u00ebsis\u00eb p\u00ebr t\u00eb gjith\u00eb. Rama p\u00ebrpiqet ta shes\u00eb k\u00ebt\u00eb zhvillim si hap drejt modernizimit, por n\u00eb thelb \u00ebsht\u00eb vet\u00ebm nj\u00eb dor\u00ebzim i spitalit publik n\u00eb duart e biznesit privat. Qytetar\u00ebt nuk kan\u00eb nevoj\u00eb p\u00ebr marr\u00ebveshje me spitalet m\u00eb t\u00eb mira t\u00eb bot\u00ebs, n\u00ebse nuk kan\u00eb para p\u00ebr t\u00eb hyr\u00eb n\u00eb der\u00ebn e spitalit t\u00eb lagjes.<\/p>\n\n\n\n<p>Ky \u00ebsht\u00eb nj\u00eb p\u00ebr\u00e7mim i hapur ndaj dhimbjes s\u00eb p\u00ebrditshme t\u00eb mij\u00ebra njer\u00ebzve q\u00eb presin me or\u00eb p\u00ebr nj\u00eb analiz\u00eb apo nj\u00eb mjek specialist. Mjek\u00ebt largohen, infermier\u00ebt demoralizohen, pacient\u00ebt paguajn\u00eb dhe qeveria flet p\u00ebr \u201ceksperienca nd\u00ebrkomb\u00ebtare\u201d. Megjithat\u00eb kjo panoram\u00eb tregon se po zhduket koncepti i sh\u00ebndet\u00ebsis\u00eb si sh\u00ebrbim publik dhe po z\u00ebvend\u00ebsohet me logjik\u00ebn e tregut: kush paguan, jeton. Pra Edi Rama nuk po b\u00ebn reform\u00eb, po b\u00ebn largimin p\u00ebrfundimtar t\u00eb shtetit nga p\u00ebrgjegj\u00ebsia m\u00eb e madhe q\u00eb ka, kujdesi p\u00ebr jet\u00ebn e qytetarit. K\u00ebshtu q\u00eb n\u00ebse ky \u00ebsht\u00eb transformimi i shum\u00ebp\u00ebrfolur i sistemit, at\u00ebher\u00eb \u00ebsht\u00eb koha q\u00eb qytetar\u00ebt t\u00eb kuptojn\u00eb se po i dor\u00ebzohen privatit edhe jet\u00ebt e tyre, jo vet\u00ebm taksat.<\/p>\n\n\n\n<p>Konkretisht sinjalet se qytetar\u00ebt do t\u00eb paguajn\u00eb sh\u00ebrbimet dhe vet\u00ebm kur shkojn\u00eb urgjenc\u00eb nuk do ta fusin dor\u00ebn n\u00eb xhep n\u00eb spitalet publike, respektivisht n\u00eb spitalin \u201cN\u00ebn\u00eb Tereza\u201d n\u00eb Tiran\u00eb i ka dh\u00ebn\u00eb vet\u00eb kryeministri Edi Rama. Ky i fundit teksa ishte i ftuar n\u00eb nj\u00eb studio televizive k\u00ebt\u00eb t\u00eb enjte, zbuloi se ka nj\u00eb plan ambicioz p\u00ebr transformimin e sektorit t\u00eb sh\u00ebndet\u00ebsis\u00eb n\u00eb Shqip\u00ebri, me fokus t\u00eb ve\u00e7ant\u00eb tek Onkologjiku dhe QSUT. N\u00eb bashk\u00ebpunim me institucione t\u00eb njohura nd\u00ebrkomb\u00ebtare si SHIBA n\u00eb Izrael dhe San Raffaele n\u00eb Itali, synohet krijimi i qendrave t\u00eb ekselenc\u00ebs n\u00eb nivel rajonal dhe evropian. Inovacioni teknologjik, p\u00ebrfshir\u00eb laborator\u00ebt me inteligjenc\u00eb artificiale, pritet t\u00eb hap\u00eb horizonte t\u00eb reja p\u00ebr mjek\u00ebt shqiptar\u00eb. Deri n\u00eb fund t\u00eb dekad\u00ebs, Rama premton nj\u00eb sistem sh\u00ebndet\u00ebsor q\u00eb konkurron me m\u00eb t\u00eb mir\u00ebt n\u00eb Europ\u00eb.<\/p>\n\n\n\n<p>\u201cSa i takon sektorit t\u00eb sh\u00ebndet\u00ebsis\u00eb n\u00eb jemi futur me kok\u00eb p\u00ebr nj\u00eb transformim, sikund\u00ebr \u00ebsht\u00eb sektori i onkologjikut. Ne kemi p\u00ebrb\u00eb nj\u00eb marr\u00ebveshje me spitalin e tet\u00eb n\u00eb bot\u00eb SHIBA-s, t\u00eb Izraelit , q\u00eb ta b\u00ebjm\u00eb Onkologjikun nj\u00eb spital ekselent n\u00eb bot\u00eb. Po diskutojm\u00eb p\u00ebr hapjen e nj\u00eb laboratori rajonal t\u00eb AI pjes\u00eb e instilacionit t\u00eb laborator\u00ebve t\u00eb SHIBA-s, q\u00eb do t\u00eb na jap\u00eb mund\u00ebsi t\u00eb p\u00ebrfitojm\u00eb nga puna e laborator\u00ebve t\u00eb tjer\u00eb t\u00eb k\u00ebtij instalacioni duke hapur nj\u00eb mund\u00ebsi t\u00eb re p\u00ebr mjek\u00ebt q\u00eb duan t\u00eb sjellin inovacion dhe zgjidhje t\u00eb reja p\u00ebrmes teknologjis\u00eb. Po ashtu kemi b\u00ebr\u00eb marr\u00ebveshje me memorandumi mes QSUT dhe Universitetit t\u00eb Mjek\u00ebsis\u00eb n\u00eb Tiran\u00eb me Qendr\u00ebn Spitalore Universitare t\u00eb ekselenc\u00ebs evropiane \u201cSan Raffaele\u201d dhe universitetin \u201cVita- Salute San Raffaele\u201d. QSUT do t\u00eb kthehet n\u00eb nj\u00eb qend\u00ebr ekselence n\u00eb rajon dhe Evrop\u00eb.<\/p>\n\n\n\n<p>Synimi \u00ebsht\u00eb q\u00eb deri n\u00eb 2030, nga nj\u00ebra an\u00eb QSUT t\u00eb p\u00ebsoj\u00eb at\u00eb transformim q\u00eb grupi i San Raffaeles ka sjell\u00eb n\u00eb Poloni, duke u p\u00ebrfshir\u00eb drejtp\u00ebrdrejt n\u00eb t\u00eb gjitha proceset, menaxhimin e qendr\u00ebs, n\u00eb organizimin e gjith\u00eb jet\u00ebs p\u00ebrditshme t\u00eb qendr\u00ebs dhe duke bashkuar n\u00eb kuptimin e v\u00ebrtet\u00eb profesionist\u00ebt e t\u00eb dyja an\u00ebve, San Raffaeles dhe QSUT. E nj\u00ebjta ambicie \u00ebsht\u00eb edhe p\u00ebr universitetin. Kemi shembullin e Universitetit BOKU t\u00eb Vjen\u00ebs, q\u00eb ka filluar procesin e shkrirjes me UBT, q\u00eb n\u00eb fund t\u00eb k\u00ebsaj dekade, t\u00eb vijn\u00eb student\u00eb nga e gjith\u00eb Evropa p\u00ebr t\u00eb studiuar me t\u00eb gjith\u00eb parametrat e Universitetit t\u00eb Vjen\u00ebs dhe p\u00ebr t\u00eb marr\u00eb nj\u00eb diplom\u00eb t\u00eb nj\u00ebjt\u00eb. Q\u00ebllimi \u00ebsht\u00eb i nj\u00ebjti q\u00eb Universiteti i Mjek\u00ebsis\u00eb t\u00eb merret e nj\u00ebjta diplom\u00eb si t\u00eb atij i San Raffaeles dhe Tirana t\u00eb jet\u00eb deg\u00eb e universitetit t\u00eb San Raffaeles. Ky \u00ebsht\u00eb objektivi i fundit t\u00eb dekad\u00ebs\u201d, deklaroi Rama tek emisioni \u201cTop Story\u201d n\u00eb \u201cTop Channel\u201d.Sot.com.al<\/p>\n\n<div style=\"font-size: 0px; height: 0px; line-height: 0px; margin: 0; padding: 0; clear: both;\"><\/div>","protected":false},"excerpt":{"rendered":"<p>Qytetar\u00ebt do t\u00eb paguajn\u00eb p\u00ebr \u00e7do sh\u00ebrbim, p\u00ebrve\u00e7 rastit kur shkojn\u00eb n\u00eb gjendje urgjente, nj\u00eb prag i friksh\u00ebm p\u00ebr nj\u00eb vend q\u00eb ka vuajtur gjat\u00eb munges\u00ebn e&#8230; <\/p>\n","protected":false},"author":1,"featured_media":0,"comment_status":"open","ping_status":"open","sticky":false,"template":"","format":"standard","meta":{"footnotes":""},"categories":[6],"tags":[],"class_list":["post-25272","post","type-post","status-publish","format-standard","hentry","category-lajme"],"_links":{"self":[{"href":"https:\/\/new.findnews5.com\/index.php?rest_route=\/wp\/v2\/posts\/25272","targetHints":{"allow":["GET"]}}],"collection":[{"href":"https:\/\/new.findnews5.com\/index.php?rest_route=\/wp\/v2\/posts"}],"about":[{"href":"https:\/\/new.findnews5.com\/index.php?rest_route=\/wp\/v2\/types\/post"}],"author":[{"embeddable":true,"href":"https:\/\/new.findnews5.com\/index.php?rest_route=\/wp\/v2\/users\/1"}],"replies":[{"embeddable":true,"href":"https:\/\/new.findnews5.com\/index.php?rest_route=%2Fwp%2Fv2%2Fcomments&post=25272"}],"version-history":[{"count":1,"href":"https:\/\/new.findnews5.com\/index.php?rest_route=\/wp\/v2\/posts\/25272\/revisions"}],"predecessor-version":[{"id":25273,"href":"https:\/\/new.findnews5.com\/index.php?rest_route=\/wp\/v2\/posts\/25272\/revisions\/25273"}],"wp:attachment":[{"href":"https:\/\/new.findnews5.com\/index.php?rest_route=%2Fwp%2Fv2%2Fmedia&parent=25272"}],"wp:term":[{"taxonomy":"category","embeddable":true,"href":"https:\/\/new.findnews5.com\/index.php?rest_route=%2Fwp%2Fv2%2Fcategories&post=25272"},{"taxonomy":"post_tag","embeddable":true,"href":"https:\/\/new.findnews5.com\/index.php?rest_route=%2Fwp%2Fv2%2Ftags&post=25272"}],"curies":[{"name":"wp","href":"https:\/\/api.w.org\/{rel}","templated":true}]}}