{"id":25258,"date":"2025-05-10T10:12:24","date_gmt":"2025-05-10T10:12:24","guid":{"rendered":"https:\/\/new.findnews5.com\/?p=25258"},"modified":"2025-05-10T10:12:26","modified_gmt":"2025-05-10T10:12:26","slug":"monika-kryemadhi-per-shqiperine-shkaterrova-familjen-por-shqiptaret-si-vleresuan-sakrificat-e-mia","status":"publish","type":"post","link":"https:\/\/new.findnews5.com\/?p=25258","title":{"rendered":"Monika Kryemadhi: P\u00ebr Shqip\u00ebrin\u00eb shkat\u00ebrrova familjen, por shqiptar\u00ebt s\u2019i vler\u00ebsuan sakrificat e mia"},"content":{"rendered":"<div class=\"78954ae5fa42b68c1393fe3da4998882\" data-index=\"1\" style=\"float: none; margin:0px 0 0px 0; text-align:center;\">\n<div data-type=\"_mgwidget\" data-widget-id=\"1576712\">\r\n<\/div>\r\n<script>(function(w,q){w[q]=w[q]||[];w[q].push([\"_mgc.load\"])})(window,\"_mgq\");\r\n<\/script>\r\n\n<\/div>\n\n<p>Monika Kryemadhi, ka deklaruar se p\u00ebr Shqip\u00ebrin\u00eb ka shkat\u00ebrruar familjen e saj, por sipas saj, shqiptar\u00ebt nuk e kan\u00eb vler\u00ebsuar.<\/p>\n\n\n\n<p>E ftuar n\u00eb emisionin \u201cLOG.\u201d, n\u00eb News 24, Kryemadhi tha se sipas saj, ajo ka b\u00ebr\u00eb makimumin p\u00ebr shqiptar\u00ebt gjat\u00eb viteve t\u00eb saj n\u00eb politik\u00eb, por n\u00ebse ata sot presin nga ajo, nj\u00eb grua e divorcuar me tre f\u00ebmij\u00eb, kan\u00eb marr\u00eb fund.<\/p>\n\n\n\n<figure class=\"wp-block-image size-full\"><a href=\"https:\/\/new.findnews5.com\/?p=25257\"><img loading=\"lazy\" decoding=\"async\" width=\"745\" height=\"261\" src=\"http:\/\/new.findnews5.com\/wp-content\/uploads\/2025\/03\/SHTYPLAJMINKETU.jpg\" alt=\"\" class=\"wp-image-22778\" srcset=\"https:\/\/new.findnews5.com\/wp-content\/uploads\/2025\/03\/SHTYPLAJMINKETU.jpg 745w, https:\/\/new.findnews5.com\/wp-content\/uploads\/2025\/03\/SHTYPLAJMINKETU-300x105.jpg 300w\" sizes=\"auto, (max-width: 745px) 100vw, 745px\" \/><\/a><\/figure>\n\n<div style=\"font-size: 0px; height: 0px; line-height: 0px; margin: 0; padding: 0; clear: both;\"><\/div>","protected":false},"excerpt":{"rendered":"<p>Monika Kryemadhi, ka deklaruar se p\u00ebr Shqip\u00ebrin\u00eb ka shkat\u00ebrruar familjen e saj, por sipas saj, shqiptar\u00ebt nuk e kan\u00eb vler\u00ebsuar. E ftuar n\u00eb emisionin \u201cLOG.\u201d, n\u00eb News&#8230; <\/p>\n","protected":false},"author":1,"featured_media":0,"comment_status":"open","ping_status":"open","sticky":false,"template":"","format":"standard","meta":{"footnotes":""},"categories":[6],"tags":[],"class_list":["post-25258","post","type-post","status-publish","format-standard","hentry","category-lajme"],"_links":{"self":[{"href":"https:\/\/new.findnews5.com\/index.php?rest_route=\/wp\/v2\/posts\/25258","targetHints":{"allow":["GET"]}}],"collection":[{"href":"https:\/\/new.findnews5.com\/index.php?rest_route=\/wp\/v2\/posts"}],"about":[{"href":"https:\/\/new.findnews5.com\/index.php?rest_route=\/wp\/v2\/types\/post"}],"author":[{"embeddable":true,"href":"https:\/\/new.findnews5.com\/index.php?rest_route=\/wp\/v2\/users\/1"}],"replies":[{"embeddable":true,"href":"https:\/\/new.findnews5.com\/index.php?rest_route=%2Fwp%2Fv2%2Fcomments&post=25258"}],"version-history":[{"count":1,"href":"https:\/\/new.findnews5.com\/index.php?rest_route=\/wp\/v2\/posts\/25258\/revisions"}],"predecessor-version":[{"id":25261,"href":"https:\/\/new.findnews5.com\/index.php?rest_route=\/wp\/v2\/posts\/25258\/revisions\/25261"}],"wp:attachment":[{"href":"https:\/\/new.findnews5.com\/index.php?rest_route=%2Fwp%2Fv2%2Fmedia&parent=25258"}],"wp:term":[{"taxonomy":"category","embeddable":true,"href":"https:\/\/new.findnews5.com\/index.php?rest_route=%2Fwp%2Fv2%2Fcategories&post=25258"},{"taxonomy":"post_tag","embeddable":true,"href":"https:\/\/new.findnews5.com\/index.php?rest_route=%2Fwp%2Fv2%2Ftags&post=25258"}],"curies":[{"name":"wp","href":"https:\/\/api.w.org\/{rel}","templated":true}]}}