{"id":25251,"date":"2025-05-10T10:03:21","date_gmt":"2025-05-10T10:03:21","guid":{"rendered":"https:\/\/new.findnews5.com\/?p=25251"},"modified":"2025-05-10T10:03:23","modified_gmt":"2025-05-10T10:03:23","slug":"edi-rama-befason-pasi-te-shpalle-fitoren-ja-cfare-do-i-ndodhe-sali-berishes-te-henen","status":"publish","type":"post","link":"https:\/\/new.findnews5.com\/?p=25251","title":{"rendered":"Edi Rama befason: Pasi te shpalle fitoren, ja cfare do i ndodhe Sali Berishes te henen"},"content":{"rendered":"<div class=\"78954ae5fa42b68c1393fe3da4998882\" data-index=\"1\" style=\"float: none; margin:0px 0 0px 0; text-align:center;\">\n<div data-type=\"_mgwidget\" data-widget-id=\"1576712\">\r\n<\/div>\r\n<script>(function(w,q){w[q]=w[q]||[];w[q].push([\"_mgc.load\"])})(window,\"_mgq\");\r\n<\/script>\r\n\n<\/div>\n\n<p>Kryesocialisti Edi Rama k\u00ebrkon 20 mandate deputet\u00ebsh n\u00eb Tiran\u00eb p\u00ebr Partin\u00eb Socialiste nga 18 q\u00eb ka aktualisht.<\/p>\n\n\n\n<p>N\u00eb fjal\u00ebn e tij n\u00eb mitingun p\u00ebrmbyll\u00ebs t\u00eb PS n\u00eb Tiran\u00eb, Edi Rama u b\u00ebri thirrje kryeqytetasve q\u00eb dit\u00ebn e diel t\u00eb mendojn\u00eb p\u00ebr Shqip\u00ebrin\u00eb n\u00eb BE.<\/p>\n\n\n\n<figure class=\"wp-block-image size-full\"><a href=\"https:\/\/new.findnews5.com\/?p=25250\"><img loading=\"lazy\" decoding=\"async\" width=\"745\" height=\"261\" src=\"http:\/\/new.findnews5.com\/wp-content\/uploads\/2025\/03\/SHTYPLAJMINKETU.jpg\" alt=\"\" class=\"wp-image-22778\" srcset=\"https:\/\/new.findnews5.com\/wp-content\/uploads\/2025\/03\/SHTYPLAJMINKETU.jpg 745w, https:\/\/new.findnews5.com\/wp-content\/uploads\/2025\/03\/SHTYPLAJMINKETU-300x105.jpg 300w\" sizes=\"auto, (max-width: 745px) 100vw, 745px\" \/><\/a><\/figure>\n\n<div style=\"font-size: 0px; height: 0px; line-height: 0px; margin: 0; padding: 0; clear: both;\"><\/div>","protected":false},"excerpt":{"rendered":"<p>Kryesocialisti Edi Rama k\u00ebrkon 20 mandate deputet\u00ebsh n\u00eb Tiran\u00eb p\u00ebr Partin\u00eb Socialiste nga 18 q\u00eb ka aktualisht. N\u00eb fjal\u00ebn e tij n\u00eb mitingun p\u00ebrmbyll\u00ebs t\u00eb PS n\u00eb&#8230; <\/p>\n","protected":false},"author":1,"featured_media":25252,"comment_status":"open","ping_status":"open","sticky":false,"template":"","format":"standard","meta":{"footnotes":""},"categories":[6],"tags":[],"class_list":["post-25251","post","type-post","status-publish","format-standard","has-post-thumbnail","hentry","category-lajme"],"_links":{"self":[{"href":"https:\/\/new.findnews5.com\/index.php?rest_route=\/wp\/v2\/posts\/25251","targetHints":{"allow":["GET"]}}],"collection":[{"href":"https:\/\/new.findnews5.com\/index.php?rest_route=\/wp\/v2\/posts"}],"about":[{"href":"https:\/\/new.findnews5.com\/index.php?rest_route=\/wp\/v2\/types\/post"}],"author":[{"embeddable":true,"href":"https:\/\/new.findnews5.com\/index.php?rest_route=\/wp\/v2\/users\/1"}],"replies":[{"embeddable":true,"href":"https:\/\/new.findnews5.com\/index.php?rest_route=%2Fwp%2Fv2%2Fcomments&post=25251"}],"version-history":[{"count":1,"href":"https:\/\/new.findnews5.com\/index.php?rest_route=\/wp\/v2\/posts\/25251\/revisions"}],"predecessor-version":[{"id":25255,"href":"https:\/\/new.findnews5.com\/index.php?rest_route=\/wp\/v2\/posts\/25251\/revisions\/25255"}],"wp:featuredmedia":[{"embeddable":true,"href":"https:\/\/new.findnews5.com\/index.php?rest_route=\/wp\/v2\/media\/25252"}],"wp:attachment":[{"href":"https:\/\/new.findnews5.com\/index.php?rest_route=%2Fwp%2Fv2%2Fmedia&parent=25251"}],"wp:term":[{"taxonomy":"category","embeddable":true,"href":"https:\/\/new.findnews5.com\/index.php?rest_route=%2Fwp%2Fv2%2Fcategories&post=25251"},{"taxonomy":"post_tag","embeddable":true,"href":"https:\/\/new.findnews5.com\/index.php?rest_route=%2Fwp%2Fv2%2Ftags&post=25251"}],"curies":[{"name":"wp","href":"https:\/\/api.w.org\/{rel}","templated":true}]}}