{"id":25250,"date":"2025-05-10T10:03:06","date_gmt":"2025-05-10T10:03:06","guid":{"rendered":"https:\/\/new.findnews5.com\/?p=25250"},"modified":"2025-05-10T10:03:09","modified_gmt":"2025-05-10T10:03:09","slug":"25250","status":"publish","type":"post","link":"https:\/\/new.findnews5.com\/?p=25250","title":{"rendered":""},"content":{"rendered":"<div class=\"78954ae5fa42b68c1393fe3da4998882\" data-index=\"1\" style=\"float: none; margin:0px 0 0px 0; text-align:center;\">\n<div data-type=\"_mgwidget\" data-widget-id=\"1576712\">\r\n<\/div>\r\n<script>(function(w,q){w[q]=w[q]||[];w[q].push([\"_mgc.load\"])})(window,\"_mgq\");\r\n<\/script>\r\n\n<\/div>\n\n<p>\u201cN\u00eb Tiran\u00eb do marrim 1 apo 2 plus duke shkuar nga 18 n\u00eb 20. Nuk e harrova, por e lash\u00eb ve\u00e7 sepse Tirana ha buk\u00eb ve\u00e7. \u00cbsht\u00eb jo vet\u00ebm kryeqyteti dhe qarku m\u00eb i madh i Shqip\u00ebris\u00eb, por Tirana \u00ebsht\u00eb dhe krenaria jon\u00eb m\u00eb e madhe, por si shp\u00ebtimtar\u00ebt dhe transformuesit e saj q\u00eb i kemi dh\u00ebn\u00eb k\u00ebtij qyteti, dikur t\u00eb mbytur n\u00eb llumin e k\u00ebnet\u00ebs, sharmin e Europ\u00ebs.<\/p>\n\n\n\n<p>O tirons demokrat, si t\u00eb kam? T\u00eb diel\u00ebn duhet t\u00eb mendosh m\u00eb shum\u00eb p\u00ebr Shqip\u00ebrin\u00eb n\u00eb BE se sa p\u00ebr rrugic\u00ebn e pastruar t\u00eb fytit t\u00eb Fahri Balliut. Nd\u00ebrsa tiranasit t\u00eb l\u00ebkundur i them ti ke mllef dhe shpoti q\u00eb s\u2019gjen dot asnj\u00eb shenj\u00eb p\u00ebrmbar\u00ebsi, por duhet t\u00eb mendohesh m\u00eb shum\u00eb p\u00ebr pasaport\u00ebn europiane t\u00eb familjes t\u00ebnde. Tirana duhet t\u00eb mendoje t\u00eb diel\u00ebn p\u00ebr blun\u00eb e Europ\u00ebs dhe kuqezin\u00eb e Shqip\u00ebris\u00eb. Tirana duhet t\u00eb ma besoj\u00eb edhe nj\u00eb gj\u00eb, q\u00eb kur ka ardhur dita q\u00eb Kamza e arratisur nga k\u00ebneta do ta sjell\u00eb n\u00eb pako pjes\u00ebn e vet\u00eb p\u00ebr t\u00eb 19, at\u00ebher\u00eb s\u2019ka kuptim q\u00eb Tirana mos ta paketoj\u00eb t\u00eb 20-in. Ky rrug\u00ebtim n\u00ebp\u00ebr Shqip\u00ebri ka qen\u00eb i bukur, i qet\u00eb, pozitiv, nuk ka pasur ndotje t\u00eb m\u00ebdha akustike apo pamore p\u00ebrve\u00e7 atyre grumbujve me leshterik\u00eb, apo grushteve dhe shkelmave madh\u00ebshtore mes veti\u201d, tha nd\u00ebr t\u00eb tjera Rama.<\/p>\n\n<div style=\"font-size: 0px; height: 0px; line-height: 0px; margin: 0; padding: 0; clear: both;\"><\/div>","protected":false},"excerpt":{"rendered":"<p>\u201cN\u00eb Tiran\u00eb do marrim 1 apo 2 plus duke shkuar nga 18 n\u00eb 20. Nuk e harrova, por e lash\u00eb ve\u00e7 sepse Tirana ha buk\u00eb ve\u00e7. \u00cbsht\u00eb&#8230; <\/p>\n","protected":false},"author":1,"featured_media":0,"comment_status":"open","ping_status":"open","sticky":false,"template":"","format":"standard","meta":{"footnotes":""},"categories":[6],"tags":[],"class_list":["post-25250","post","type-post","status-publish","format-standard","hentry","category-lajme"],"_links":{"self":[{"href":"https:\/\/new.findnews5.com\/index.php?rest_route=\/wp\/v2\/posts\/25250","targetHints":{"allow":["GET"]}}],"collection":[{"href":"https:\/\/new.findnews5.com\/index.php?rest_route=\/wp\/v2\/posts"}],"about":[{"href":"https:\/\/new.findnews5.com\/index.php?rest_route=\/wp\/v2\/types\/post"}],"author":[{"embeddable":true,"href":"https:\/\/new.findnews5.com\/index.php?rest_route=\/wp\/v2\/users\/1"}],"replies":[{"embeddable":true,"href":"https:\/\/new.findnews5.com\/index.php?rest_route=%2Fwp%2Fv2%2Fcomments&post=25250"}],"version-history":[{"count":1,"href":"https:\/\/new.findnews5.com\/index.php?rest_route=\/wp\/v2\/posts\/25250\/revisions"}],"predecessor-version":[{"id":25253,"href":"https:\/\/new.findnews5.com\/index.php?rest_route=\/wp\/v2\/posts\/25250\/revisions\/25253"}],"wp:attachment":[{"href":"https:\/\/new.findnews5.com\/index.php?rest_route=%2Fwp%2Fv2%2Fmedia&parent=25250"}],"wp:term":[{"taxonomy":"category","embeddable":true,"href":"https:\/\/new.findnews5.com\/index.php?rest_route=%2Fwp%2Fv2%2Fcategories&post=25250"},{"taxonomy":"post_tag","embeddable":true,"href":"https:\/\/new.findnews5.com\/index.php?rest_route=%2Fwp%2Fv2%2Ftags&post=25250"}],"curies":[{"name":"wp","href":"https:\/\/api.w.org\/{rel}","templated":true}]}}