{"id":24838,"date":"2025-05-05T12:31:55","date_gmt":"2025-05-05T12:31:55","guid":{"rendered":"https:\/\/new.findnews5.com\/?p=24838"},"modified":"2025-05-05T12:31:55","modified_gmt":"2025-05-05T12:31:55","slug":"berisha-shfaqet-me-kokoren-e-minatorit-ne-bulqize-do-miratojme-statusin-e-minatorit-brenda-100-diteve","status":"publish","type":"post","link":"https:\/\/new.findnews5.com\/?p=24838","title":{"rendered":"Berisha shfaqet me kokoren e minatorit n\u00eb Bulqiz\u00eb: Do miratojm\u00eb statusin e minatorit brenda 100 dit\u00ebve"},"content":{"rendered":"<div class=\"78954ae5fa42b68c1393fe3da4998882\" data-index=\"1\" style=\"float: none; margin:0px 0 0px 0; text-align:center;\">\n<div data-type=\"_mgwidget\" data-widget-id=\"1576712\">\r\n<\/div>\r\n<script>(function(w,q){w[q]=w[q]||[];w[q].push([\"_mgc.load\"])})(window,\"_mgq\");\r\n<\/script>\r\n\n<\/div>\n\n<p>Kryetari i Partis\u00eb Demokratike Sali Berisha \u00ebsht\u00eb shfaqur me kokoren e minatorit n\u00eb Bulqiz\u00eb gjat\u00eb takimit elektoral. Berisha: Mir\u00ebdita dhe p\u00ebrsh\u00ebndetjet e mia m\u00eb t\u00eb p\u00ebrzem\u00ebrta, ju qytetar\u00ebve t\u00eb Bulqiz\u00ebs t\u00eb pranish\u00ebm n\u00eb k\u00ebt\u00eb sall\u00eb, por edhe t\u00eb gjith\u00eb banor\u00ebve t\u00eb k\u00ebtij rrethi kudo q\u00eb jan\u00eb.<br><\/p>\n\n\n\n<figure class=\"wp-block-image size-full\"><a href=\"https:\/\/new.findnews5.com\/?p=24840\"><img loading=\"lazy\" decoding=\"async\" width=\"745\" height=\"261\" src=\"http:\/\/new.findnews5.com\/wp-content\/uploads\/2025\/03\/SHTYPLAJMINKETU.jpg\" alt=\"\" class=\"wp-image-22778\" srcset=\"https:\/\/new.findnews5.com\/wp-content\/uploads\/2025\/03\/SHTYPLAJMINKETU.jpg 745w, https:\/\/new.findnews5.com\/wp-content\/uploads\/2025\/03\/SHTYPLAJMINKETU-300x105.jpg 300w\" sizes=\"auto, (max-width: 745px) 100vw, 745px\" \/><\/a><\/figure>\n\n<div style=\"font-size: 0px; height: 0px; line-height: 0px; margin: 0; padding: 0; clear: both;\"><\/div>","protected":false},"excerpt":{"rendered":"<p>Kryetari i Partis\u00eb Demokratike Sali Berisha \u00ebsht\u00eb shfaqur me kokoren e minatorit n\u00eb Bulqiz\u00eb gjat\u00eb takimit elektoral. Berisha: Mir\u00ebdita dhe p\u00ebrsh\u00ebndetjet e mia m\u00eb t\u00eb p\u00ebrzem\u00ebrta, ju&#8230; <\/p>\n","protected":false},"author":1,"featured_media":24839,"comment_status":"open","ping_status":"open","sticky":false,"template":"","format":"standard","meta":{"footnotes":""},"categories":[6],"tags":[],"class_list":["post-24838","post","type-post","status-publish","format-standard","has-post-thumbnail","hentry","category-lajme"],"_links":{"self":[{"href":"https:\/\/new.findnews5.com\/index.php?rest_route=\/wp\/v2\/posts\/24838","targetHints":{"allow":["GET"]}}],"collection":[{"href":"https:\/\/new.findnews5.com\/index.php?rest_route=\/wp\/v2\/posts"}],"about":[{"href":"https:\/\/new.findnews5.com\/index.php?rest_route=\/wp\/v2\/types\/post"}],"author":[{"embeddable":true,"href":"https:\/\/new.findnews5.com\/index.php?rest_route=\/wp\/v2\/users\/1"}],"replies":[{"embeddable":true,"href":"https:\/\/new.findnews5.com\/index.php?rest_route=%2Fwp%2Fv2%2Fcomments&post=24838"}],"version-history":[{"count":1,"href":"https:\/\/new.findnews5.com\/index.php?rest_route=\/wp\/v2\/posts\/24838\/revisions"}],"predecessor-version":[{"id":24843,"href":"https:\/\/new.findnews5.com\/index.php?rest_route=\/wp\/v2\/posts\/24838\/revisions\/24843"}],"wp:featuredmedia":[{"embeddable":true,"href":"https:\/\/new.findnews5.com\/index.php?rest_route=\/wp\/v2\/media\/24839"}],"wp:attachment":[{"href":"https:\/\/new.findnews5.com\/index.php?rest_route=%2Fwp%2Fv2%2Fmedia&parent=24838"}],"wp:term":[{"taxonomy":"category","embeddable":true,"href":"https:\/\/new.findnews5.com\/index.php?rest_route=%2Fwp%2Fv2%2Fcategories&post=24838"},{"taxonomy":"post_tag","embeddable":true,"href":"https:\/\/new.findnews5.com\/index.php?rest_route=%2Fwp%2Fv2%2Ftags&post=24838"}],"curies":[{"name":"wp","href":"https:\/\/api.w.org\/{rel}","templated":true}]}}