{"id":24801,"date":"2025-05-04T20:34:45","date_gmt":"2025-05-04T20:34:45","guid":{"rendered":"https:\/\/new.findnews5.com\/?p=24801"},"modified":"2025-05-04T20:34:46","modified_gmt":"2025-05-04T20:34:46","slug":"24801","status":"publish","type":"post","link":"https:\/\/new.findnews5.com\/?p=24801","title":{"rendered":""},"content":{"rendered":"<div class=\"78954ae5fa42b68c1393fe3da4998882\" data-index=\"1\" style=\"float: none; margin:0px 0 0px 0; text-align:center;\">\n<div data-type=\"_mgwidget\" data-widget-id=\"1576712\">\r\n<\/div>\r\n<script>(function(w,q){w[q]=w[q]||[];w[q].push([\"_mgc.load\"])})(window,\"_mgq\");\r\n<\/script>\r\n\n<\/div>\n<p>Sipas Ministris\u00eb s\u00eb Sh\u00ebndet\u00ebsis\u00eb s\u00eb Kroacis\u00eb, 29 nga t\u00eb l\u00ebnduarit jan\u00eb transportuar p\u00ebr trajtim mjek\u00ebsor n\u00eb spitale n\u00eb Zagreb, Sisak dhe Pakrac.<\/p>\n<p>Sipas Radio Televizionit Kroat (HRT), automjeti u p\u00ebrplas fillimisht me nj\u00eb dre, \u00e7ka b\u00ebri q\u00eb makina t\u00eb ndalonte n\u00eb rrug\u00eb. Shoferi doli nga mjeti dhe tentoi t\u2019u sinjalizonte automjeteve t\u00eb tjera q\u00eb t\u00eb ngadal\u00ebsonin, por autobusi q\u00eb po vinte nga pas nuk arriti ta shihte n\u00eb koh\u00eb dhe u p\u00ebrplas me makin\u00ebn. Si pasoj\u00eb, makina theu gardhin mbrojt\u00ebs dhe doli n\u00eb korsin\u00eb e kund\u00ebrt, nd\u00ebrsa autobusi u p\u00ebrmbys.<\/p>\n<p>Ministria kroate e Sh\u00ebndet\u00ebsis\u00eb njoftoi se n\u00eb vendin e ngjarjes dol\u00ebn menj\u00ebher\u00eb t\u00eb gjitha sh\u00ebrbimet emergjente, p\u00ebrfshir\u00eb n\u00ebnt\u00eb ekipe t\u00eb ndihm\u00ebs s\u00eb shpejt\u00eb.<\/p>\n<p>\u201cShprehim ngush\u00ebllime p\u00ebr familjet e viktimave dhe u d\u00ebshirojm\u00eb sh\u00ebrim t\u00eb shpejt\u00eb t\u00eb gjith\u00eb t\u00eb l\u00ebnduarve\u201d, thuhet n\u00eb njoftimin e Ministris\u00eb kroate t\u00eb Sh\u00ebndet\u00ebsis\u00eb.<\/p>\n<p>Pas p\u00ebrfundimit t\u00eb hetimeve n\u00eb vendngjarje, autostrada A3 Bregana-Lipovac \u00ebsht\u00eb rihapur n\u00eb t\u00eb dy drejtimet, njoftoi Klubi Autombilistik i Kroacis\u00eb (HAK). Nd\u00ebrkoh\u00eb, \u00ebsht\u00eb raportuar se pas aksidentit \u00ebsht\u00eb krijuar nj\u00eb kolon\u00eb e gjat\u00eb e automjeteve t\u00eb nisura drejt Bregan\u00ebs, dhe kolona ka arritur n\u00eb rreth 22 kilometra!<\/p>\n\n<div style=\"font-size: 0px; height: 0px; line-height: 0px; margin: 0; padding: 0; clear: both;\"><\/div>","protected":false},"excerpt":{"rendered":"<p>Sipas Ministris\u00eb s\u00eb Sh\u00ebndet\u00ebsis\u00eb s\u00eb Kroacis\u00eb, 29 nga t\u00eb l\u00ebnduarit jan\u00eb transportuar p\u00ebr trajtim mjek\u00ebsor n\u00eb spitale n\u00eb Zagreb, Sisak dhe Pakrac. Sipas Radio Televizionit Kroat (HRT),&#8230; <\/p>\n","protected":false},"author":1,"featured_media":0,"comment_status":"open","ping_status":"open","sticky":false,"template":"","format":"standard","meta":{"footnotes":""},"categories":[6],"tags":[],"class_list":["post-24801","post","type-post","status-publish","format-standard","hentry","category-lajme"],"_links":{"self":[{"href":"https:\/\/new.findnews5.com\/index.php?rest_route=\/wp\/v2\/posts\/24801","targetHints":{"allow":["GET"]}}],"collection":[{"href":"https:\/\/new.findnews5.com\/index.php?rest_route=\/wp\/v2\/posts"}],"about":[{"href":"https:\/\/new.findnews5.com\/index.php?rest_route=\/wp\/v2\/types\/post"}],"author":[{"embeddable":true,"href":"https:\/\/new.findnews5.com\/index.php?rest_route=\/wp\/v2\/users\/1"}],"replies":[{"embeddable":true,"href":"https:\/\/new.findnews5.com\/index.php?rest_route=%2Fwp%2Fv2%2Fcomments&post=24801"}],"version-history":[{"count":1,"href":"https:\/\/new.findnews5.com\/index.php?rest_route=\/wp\/v2\/posts\/24801\/revisions"}],"predecessor-version":[{"id":24805,"href":"https:\/\/new.findnews5.com\/index.php?rest_route=\/wp\/v2\/posts\/24801\/revisions\/24805"}],"wp:attachment":[{"href":"https:\/\/new.findnews5.com\/index.php?rest_route=%2Fwp%2Fv2%2Fmedia&parent=24801"}],"wp:term":[{"taxonomy":"category","embeddable":true,"href":"https:\/\/new.findnews5.com\/index.php?rest_route=%2Fwp%2Fv2%2Fcategories&post=24801"},{"taxonomy":"post_tag","embeddable":true,"href":"https:\/\/new.findnews5.com\/index.php?rest_route=%2Fwp%2Fv2%2Ftags&post=24801"}],"curies":[{"name":"wp","href":"https:\/\/api.w.org\/{rel}","templated":true}]}}