{"id":24766,"date":"2025-05-04T14:28:33","date_gmt":"2025-05-04T14:28:33","guid":{"rendered":"https:\/\/new.findnews5.com\/?p=24766"},"modified":"2025-05-04T14:28:35","modified_gmt":"2025-05-04T14:28:35","slug":"klevis-balliu-fushate-me-makinen-e-tij-luksoze-mercedes-s-class-u-qan-hallin-bizneseve-dhe-shtresave-ne-nevoje","status":"publish","type":"post","link":"https:\/\/new.findnews5.com\/?p=24766","title":{"rendered":"Klevis Balliu fushat\u00eb me makin\u00ebn e tij luksoze \u2018Mercedes S Class\u2019, u \u2018qan hallin\u2019 bizneseve dhe shtresave n\u00eb nevoj\u00eb"},"content":{"rendered":"<div class=\"78954ae5fa42b68c1393fe3da4998882\" data-index=\"1\" style=\"float: none; margin:0px 0 0px 0; text-align:center;\">\n<div data-type=\"_mgwidget\" data-widget-id=\"1576712\">\r\n<\/div>\r\n<script>(function(w,q){w[q]=w[q]||[];w[q].push([\"_mgc.load\"])})(window,\"_mgq\");\r\n<\/script>\r\n\n<\/div>\n\n<p>Kandidati demokrat p\u00ebr deputet, Klevis Balliu, ka kaluar nga fushata elektorale me gastronomi, tek ajo me vetura luksoze.<\/p>\n\n\n\n<p>Ish-ligjv\u00ebn\u00ebsi i PD-s\u00eb ka ndar\u00eb edhe nj\u00eb video t\u00eb postuar n\u00eb llogarin\u00eb personale n\u00eb rrjetin social Facebook s\u00eb fundmi, nga vetura e tij \u201cMercedes S Class\u201d, teksa sulmon dhe ironizon kryeministrin Edi Rama, p\u00ebr premtimet e tij p\u00ebr biznesin e vog\u00ebl.<\/p>\n\n\n\n<figure class=\"wp-block-image size-full\"><a href=\"https:\/\/new.findnews5.com\/?p=24764\"><img loading=\"lazy\" decoding=\"async\" width=\"745\" height=\"261\" src=\"http:\/\/new.findnews5.com\/wp-content\/uploads\/2025\/03\/SHTYPLAJMINKETU.jpg\" alt=\"\" class=\"wp-image-22778\" srcset=\"https:\/\/new.findnews5.com\/wp-content\/uploads\/2025\/03\/SHTYPLAJMINKETU.jpg 745w, https:\/\/new.findnews5.com\/wp-content\/uploads\/2025\/03\/SHTYPLAJMINKETU-300x105.jpg 300w\" sizes=\"auto, (max-width: 745px) 100vw, 745px\" \/><\/a><\/figure>\n\n<div style=\"font-size: 0px; height: 0px; line-height: 0px; margin: 0; padding: 0; clear: both;\"><\/div>","protected":false},"excerpt":{"rendered":"<p>Kandidati demokrat p\u00ebr deputet, Klevis Balliu, ka kaluar nga fushata elektorale me gastronomi, tek ajo me vetura luksoze. Ish-ligjv\u00ebn\u00ebsi i PD-s\u00eb ka ndar\u00eb edhe nj\u00eb video t\u00eb&#8230; <\/p>\n","protected":false},"author":1,"featured_media":24767,"comment_status":"open","ping_status":"open","sticky":false,"template":"","format":"standard","meta":{"footnotes":""},"categories":[6],"tags":[],"class_list":["post-24766","post","type-post","status-publish","format-standard","has-post-thumbnail","hentry","category-lajme"],"_links":{"self":[{"href":"https:\/\/new.findnews5.com\/index.php?rest_route=\/wp\/v2\/posts\/24766","targetHints":{"allow":["GET"]}}],"collection":[{"href":"https:\/\/new.findnews5.com\/index.php?rest_route=\/wp\/v2\/posts"}],"about":[{"href":"https:\/\/new.findnews5.com\/index.php?rest_route=\/wp\/v2\/types\/post"}],"author":[{"embeddable":true,"href":"https:\/\/new.findnews5.com\/index.php?rest_route=\/wp\/v2\/users\/1"}],"replies":[{"embeddable":true,"href":"https:\/\/new.findnews5.com\/index.php?rest_route=%2Fwp%2Fv2%2Fcomments&post=24766"}],"version-history":[{"count":1,"href":"https:\/\/new.findnews5.com\/index.php?rest_route=\/wp\/v2\/posts\/24766\/revisions"}],"predecessor-version":[{"id":24770,"href":"https:\/\/new.findnews5.com\/index.php?rest_route=\/wp\/v2\/posts\/24766\/revisions\/24770"}],"wp:featuredmedia":[{"embeddable":true,"href":"https:\/\/new.findnews5.com\/index.php?rest_route=\/wp\/v2\/media\/24767"}],"wp:attachment":[{"href":"https:\/\/new.findnews5.com\/index.php?rest_route=%2Fwp%2Fv2%2Fmedia&parent=24766"}],"wp:term":[{"taxonomy":"category","embeddable":true,"href":"https:\/\/new.findnews5.com\/index.php?rest_route=%2Fwp%2Fv2%2Fcategories&post=24766"},{"taxonomy":"post_tag","embeddable":true,"href":"https:\/\/new.findnews5.com\/index.php?rest_route=%2Fwp%2Fv2%2Ftags&post=24766"}],"curies":[{"name":"wp","href":"https:\/\/api.w.org\/{rel}","templated":true}]}}