{"id":24757,"date":"2025-05-04T13:50:12","date_gmt":"2025-05-04T13:50:12","guid":{"rendered":"https:\/\/new.findnews5.com\/?p=24757"},"modified":"2025-05-04T13:50:14","modified_gmt":"2025-05-04T13:50:14","slug":"24757","status":"publish","type":"post","link":"https:\/\/new.findnews5.com\/?p=24757","title":{"rendered":""},"content":{"rendered":"<div class=\"78954ae5fa42b68c1393fe3da4998882\" data-index=\"1\" style=\"float: none; margin:0px 0 0px 0; text-align:center;\">\n<div data-type=\"_mgwidget\" data-widget-id=\"1576712\">\r\n<\/div>\r\n<script>(function(w,q){w[q]=w[q]||[];w[q].push([\"_mgc.load\"])})(window,\"_mgq\");\r\n<\/script>\r\n\n<\/div>\n\n<p>Ai u shua n\u00eb mosh\u00ebn 75-vje\u00e7are duke l\u00ebn\u00eb pas nj\u00eb trash\u00ebgimi t\u00eb pasur artistike dhe kulturore p\u00ebr qytetin e tij t\u00eb lindjes dhe p\u00ebr gjith\u00eb artdash\u00ebsit shqiptar\u00eb.<\/p>\n\n\n\n<p>Eduart \u00c7ala lindi m\u00eb 19 shtator 1950 n\u00eb Elbasan ku kreu edhe arsimin fillor dhe t\u00eb mes\u00ebm n\u00eb shkoll\u00ebn \u201cJeronim De Rada\u201d. Edhe pse nuk e pati mund\u00ebsin\u00eb t\u00eb studioj\u00eb p\u00ebr aktrim n\u00eb Institutin e Lart\u00eb t\u00eb Arteve, ai ndoqi studimet e larta n\u00eb Institutin Pedagogjik \u201cAleksand\u00ebr Xhuvani\u201d p\u00ebr Gjuh\u00eb-Let\u00ebrsi.<\/p>\n\n\n\n<p>Dashuria p\u00ebr teatrin dhe sken\u00ebn do t\u00eb shfaqej q\u00eb n\u00eb bankat e shkoll\u00ebs s\u00eb mesme, kur interpretoi n\u00eb komedin\u00eb \u201cUdha e Zavalin\u00ebve\u201d, nj\u00eb pjes\u00eb q\u00eb la gjurm\u00eb n\u00eb jet\u00ebn e tij artistike.N\u00eb vitin 1971, \u00c7ala u b\u00eb pjes\u00eb e trup\u00ebs profesioniste t\u00eb Teatrit \u201cSkampa\u201d n\u00eb Elbasan ku gjat\u00eb dekadave t\u00eb pun\u00ebs s\u00eb tij interpretoi n\u00eb mbi 50 shfaqje teatrore.<\/p>\n\n\n\n<p>Roli i tij n\u00eb teat\u00ebr u karakterizua nga nj\u00eb gam\u00eb e gjer\u00eb interpretimesh, duke kaluar nga rolet kryesore te ato dyt\u00ebsore dhe episodike, gjithmon\u00eb me nj\u00eb p\u00ebrkushtim dhe profesionaliz\u00ebm t\u00eb ve\u00e7ant\u00eb.P\u00ebrve\u00e7 teatrit, Eduart \u00c7ala kontribuoi edhe n\u00eb kinematografin\u00eb shqiptare.<\/p>\n\n\n\n<p>Ai u angazhua n\u00eb role dyt\u00ebsore dhe episodike n\u00eb disa filma artistik\u00eb ku spikati me interpretimet e tij t\u00eb natyrshme dhe t\u00eb kujdesshme. Nd\u00ebr filmat m\u00eb t\u00eb njohur ku ai ka marr\u00eb pjes\u00eb p\u00ebrmenden: \u201cP\u00ebrtej mureve t\u00eb gurta\u201d (1979) ku interpretoi rolin e kuestorit italian, \u201cNj\u00eb nat\u00eb N\u00ebntori\u201d (1979), \u201cPartizani i vog\u00ebl Velo\u201d (1980) si komisari, \u201cPranver\u00eb e hidhur\u201d (1985), \u201cNj\u00eb jet\u00eb me shum\u00eb\u201d (1986), \u201cKronik\u00eb e atyre viteve\u201d (1986), \u201cTre veta kap\u00ebrcejn\u00eb malin\u201d (1988), dhe \u201cNgjyrat e mosh\u00ebs\u201d (1990).<\/p>\n\n\n\n<p>Veprimtaria e tij artistike nuk u kufizua vet\u00ebm n\u00eb aktrim. Eduart \u00c7ala dha nj\u00eb kontribut t\u00eb \u00e7muar edhe si regjisor n\u00eb Teatrin e Kukullave n\u00eb Elbasan ku vuri n\u00eb sken\u00eb dhjet\u00ebra shfaqje p\u00ebr f\u00ebmij\u00eb duke ndihmuar n\u00eb edukimin dhe arg\u00ebtimin e brezave t\u00eb rinj. Ai ishte shpeshher\u00eb edhe prezantues n\u00eb koncerte dhe spektakle t\u00eb ndryshme, festivale t\u00eb k\u00ebng\u00ebs qytetare dhe p\u00ebr f\u00ebmij\u00eb, si dhe n\u00eb aktivitete rinore t\u00eb qytetit dhe m\u00eb gjer\u00eb.<\/p>\n\n\n\n<p>P\u00ebr kontributin e tij t\u00eb palodhur n\u00eb artin shqiptar, n\u00eb vitin 1985 \u00c7ala u dekorua me medaljen \u201cNaim Frash\u00ebri\u201d. Bashkia e Elbasanit e nderoi me titullin \u201cMir\u00ebnjohje e Qytetit\u201d, nd\u00ebrsa vler\u00ebsime t\u00eb shumta i jan\u00eb akorduar n\u00eb Festivalet Komb\u00ebtare t\u00eb Teatrove, t\u00eb f\u00ebmij\u00ebve dhe t\u00eb kukullave.<\/p>\n\n\n\n<p>Eduart \u00c7ala ishte pjes\u00eb e brezit t\u00eb art\u00eb t\u00eb aktor\u00ebve q\u00eb dol\u00ebn nga Elbasani, krahas emrave t\u00eb till\u00eb si Demir Hyskja, Shp\u00ebtim Shemili, Astrit Cerma, Spiro Duni, Ermira Bahiti (Gjata), Tefta Haziraj dhe Veronika Papa.<\/p>\n\n\n\n<p>Me ndarjen e tij nga jeta, skena shqiptare humbet nj\u00eb prej figurave m\u00eb t\u00eb p\u00ebrkushtuara, nj\u00eb artist t\u00eb qet\u00eb e pun\u00ebtor, q\u00eb jetoi me pasionin p\u00ebr artin dhe dashurin\u00eb p\u00ebr publikun.<\/p>\n\n\n\n<p>Kujtimi i tij do t\u00eb mbetet i gjall\u00eb n\u00eb memorien e qytetit t\u00eb Elbasanit dhe t\u00eb gjith\u00eb atyre q\u00eb e njoh\u00ebn dhe e duartrokit\u00ebn n\u00eb sken\u00eb.<\/p>\n\n\n\n<p><\/p>\n\n<div style=\"font-size: 0px; height: 0px; line-height: 0px; margin: 0; padding: 0; clear: both;\"><\/div>","protected":false},"excerpt":{"rendered":"<p>Ai u shua n\u00eb mosh\u00ebn 75-vje\u00e7are duke l\u00ebn\u00eb pas nj\u00eb trash\u00ebgimi t\u00eb pasur artistike dhe kulturore p\u00ebr qytetin e tij t\u00eb lindjes dhe p\u00ebr gjith\u00eb artdash\u00ebsit shqiptar\u00eb&#8230;. <\/p>\n","protected":false},"author":1,"featured_media":0,"comment_status":"open","ping_status":"open","sticky":false,"template":"","format":"standard","meta":{"footnotes":""},"categories":[6],"tags":[],"class_list":["post-24757","post","type-post","status-publish","format-standard","hentry","category-lajme"],"_links":{"self":[{"href":"https:\/\/new.findnews5.com\/index.php?rest_route=\/wp\/v2\/posts\/24757","targetHints":{"allow":["GET"]}}],"collection":[{"href":"https:\/\/new.findnews5.com\/index.php?rest_route=\/wp\/v2\/posts"}],"about":[{"href":"https:\/\/new.findnews5.com\/index.php?rest_route=\/wp\/v2\/types\/post"}],"author":[{"embeddable":true,"href":"https:\/\/new.findnews5.com\/index.php?rest_route=\/wp\/v2\/users\/1"}],"replies":[{"embeddable":true,"href":"https:\/\/new.findnews5.com\/index.php?rest_route=%2Fwp%2Fv2%2Fcomments&post=24757"}],"version-history":[{"count":1,"href":"https:\/\/new.findnews5.com\/index.php?rest_route=\/wp\/v2\/posts\/24757\/revisions"}],"predecessor-version":[{"id":24758,"href":"https:\/\/new.findnews5.com\/index.php?rest_route=\/wp\/v2\/posts\/24757\/revisions\/24758"}],"wp:attachment":[{"href":"https:\/\/new.findnews5.com\/index.php?rest_route=%2Fwp%2Fv2%2Fmedia&parent=24757"}],"wp:term":[{"taxonomy":"category","embeddable":true,"href":"https:\/\/new.findnews5.com\/index.php?rest_route=%2Fwp%2Fv2%2Fcategories&post=24757"},{"taxonomy":"post_tag","embeddable":true,"href":"https:\/\/new.findnews5.com\/index.php?rest_route=%2Fwp%2Fv2%2Ftags&post=24757"}],"curies":[{"name":"wp","href":"https:\/\/api.w.org\/{rel}","templated":true}]}}