{"id":24733,"date":"2025-05-04T09:10:32","date_gmt":"2025-05-04T09:10:32","guid":{"rendered":"https:\/\/new.findnews5.com\/?p=24733"},"modified":"2025-05-04T09:10:33","modified_gmt":"2025-05-04T09:10:33","slug":"nese-na-prekni-me-9-maj-kievi-nuk-do-ekzistoje-me-moska-nuk-mban-me-kercenon-ashper","status":"publish","type":"post","link":"https:\/\/new.findnews5.com\/?p=24733","title":{"rendered":"\u201cN\u00ebse na prekni m\u00eb 9 maj, Kievi nuk do \u2018ekzistoj\u00eb\u2019 m\u00eb\u201d\/ Moska \u201cnuk mban m\u00eb\u201d k\u00ebrc\u00ebnon ashp\u00ebr"},"content":{"rendered":"<div class=\"78954ae5fa42b68c1393fe3da4998882\" data-index=\"1\" style=\"float: none; margin:0px 0 0px 0; text-align:center;\">\n<div data-type=\"_mgwidget\" data-widget-id=\"1576712\">\r\n<\/div>\r\n<script>(function(w,q){w[q]=w[q]||[];w[q].push([\"_mgc.load\"])})(window,\"_mgq\");\r\n<\/script>\r\n\n<\/div>\n\n<p>\u201cAskush nuk mund t\u00eb garantoj\u00eb q\u00eb kryeqyteti ukrainas do t\u00eb mbijetoj\u00eb deri m\u00eb 10 maj\u201d, ka l\u00ebshuar paralajm\u00ebrimin e ashp\u00ebr ndaj Ukrain\u00ebs, N\u00ebnkryetari i K\u00ebshillit t\u00eb Siguris\u00eb s\u00eb Rusis\u00eb, Dmitry Medvedev.<\/p>\n\n\n\n<figure class=\"wp-block-image size-full\"><a href=\"https:\/\/new.findnews5.com\/?p=24732\"><img loading=\"lazy\" decoding=\"async\" width=\"745\" height=\"261\" src=\"http:\/\/new.findnews5.com\/wp-content\/uploads\/2025\/03\/SHTYPLAJMINKETU.jpg\" alt=\"\" class=\"wp-image-22778\" srcset=\"https:\/\/new.findnews5.com\/wp-content\/uploads\/2025\/03\/SHTYPLAJMINKETU.jpg 745w, https:\/\/new.findnews5.com\/wp-content\/uploads\/2025\/03\/SHTYPLAJMINKETU-300x105.jpg 300w\" sizes=\"auto, (max-width: 745px) 100vw, 745px\" \/><\/a><\/figure>\n\n<div style=\"font-size: 0px; height: 0px; line-height: 0px; margin: 0; padding: 0; clear: both;\"><\/div>","protected":false},"excerpt":{"rendered":"<p>\u201cAskush nuk mund t\u00eb garantoj\u00eb q\u00eb kryeqyteti ukrainas do t\u00eb mbijetoj\u00eb deri m\u00eb 10 maj\u201d, ka l\u00ebshuar paralajm\u00ebrimin e ashp\u00ebr ndaj Ukrain\u00ebs, N\u00ebnkryetari i K\u00ebshillit t\u00eb Siguris\u00eb&#8230; <\/p>\n","protected":false},"author":1,"featured_media":24734,"comment_status":"open","ping_status":"open","sticky":false,"template":"","format":"standard","meta":{"footnotes":""},"categories":[6],"tags":[],"class_list":["post-24733","post","type-post","status-publish","format-standard","has-post-thumbnail","hentry","category-lajme"],"_links":{"self":[{"href":"https:\/\/new.findnews5.com\/index.php?rest_route=\/wp\/v2\/posts\/24733","targetHints":{"allow":["GET"]}}],"collection":[{"href":"https:\/\/new.findnews5.com\/index.php?rest_route=\/wp\/v2\/posts"}],"about":[{"href":"https:\/\/new.findnews5.com\/index.php?rest_route=\/wp\/v2\/types\/post"}],"author":[{"embeddable":true,"href":"https:\/\/new.findnews5.com\/index.php?rest_route=\/wp\/v2\/users\/1"}],"replies":[{"embeddable":true,"href":"https:\/\/new.findnews5.com\/index.php?rest_route=%2Fwp%2Fv2%2Fcomments&post=24733"}],"version-history":[{"count":1,"href":"https:\/\/new.findnews5.com\/index.php?rest_route=\/wp\/v2\/posts\/24733\/revisions"}],"predecessor-version":[{"id":24737,"href":"https:\/\/new.findnews5.com\/index.php?rest_route=\/wp\/v2\/posts\/24733\/revisions\/24737"}],"wp:featuredmedia":[{"embeddable":true,"href":"https:\/\/new.findnews5.com\/index.php?rest_route=\/wp\/v2\/media\/24734"}],"wp:attachment":[{"href":"https:\/\/new.findnews5.com\/index.php?rest_route=%2Fwp%2Fv2%2Fmedia&parent=24733"}],"wp:term":[{"taxonomy":"category","embeddable":true,"href":"https:\/\/new.findnews5.com\/index.php?rest_route=%2Fwp%2Fv2%2Fcategories&post=24733"},{"taxonomy":"post_tag","embeddable":true,"href":"https:\/\/new.findnews5.com\/index.php?rest_route=%2Fwp%2Fv2%2Ftags&post=24733"}],"curies":[{"name":"wp","href":"https:\/\/api.w.org\/{rel}","templated":true}]}}