{"id":24699,"date":"2025-05-03T19:32:33","date_gmt":"2025-05-03T19:32:33","guid":{"rendered":"https:\/\/new.findnews5.com\/?p=24699"},"modified":"2025-05-03T19:32:34","modified_gmt":"2025-05-03T19:32:34","slug":"24699","status":"publish","type":"post","link":"https:\/\/new.findnews5.com\/?p=24699","title":{"rendered":""},"content":{"rendered":"<div class=\"78954ae5fa42b68c1393fe3da4998882\" data-index=\"1\" style=\"float: none; margin:0px 0 0px 0; text-align:center;\">\n<div data-type=\"_mgwidget\" data-widget-id=\"1576712\">\r\n<\/div>\r\n<script>(function(w,q){w[q]=w[q]||[];w[q].push([\"_mgc.load\"])})(window,\"_mgq\");\r\n<\/script>\r\n\n<\/div>\n\n<p>Komshinjt\u00eb i p\u00ebrshkruanin si t\u00eb qeta, por gjithmon\u00eb disi t\u00eb ve\u00e7uara. N\u00eb vitin 2020, ndodhi di\u00e7ka q\u00eb askush nuk do ta merrte me mend. M\u00eb 27 mars, Anisa, vajza e madhe, nd\u00ebrron jet\u00eb n\u00eb m\u00ebnyr\u00eb t\u00eb heshtur, pas nj\u00eb periudhe t\u00eb gjat\u00eb agj\u00ebrimi dhe krizash shpirt\u00ebrore. Por trupi i saj nuk varroset. N\u00ebna, Zhaneta, e bindur se vajza nuk ka vdekur por \u00ebsht\u00eb n\u00eb gjum\u00eb t\u00eb shenjt\u00eb, e mb\u00ebshtjell me \u00e7ar\u00e7af\u00eb t\u00eb bardh\u00eb dhe e l\u00eb n\u00eb dhom\u00ebn e ndenjjes.<\/p>\n\n\n\n<p>Ajo dhe vajza tjet\u00ebr, Blerta, vazhdojn\u00eb t\u00eb jetojn\u00eb pran\u00eb trupit, duke u lutur \u00e7do dit\u00eb p\u00ebr ringjalljen. Dritaret mbyllen, dera nuk hapet m\u00eb. Grat\u00eb i kthehen nj\u00eb vetmie t\u00eb plot\u00eb dhe agj\u00ebrimi ekstrem b\u00ebhet rituali i tyre i p\u00ebrditsh\u00ebm. Kuzhina nuk p\u00ebrdoret m\u00eb. Letrat e shenjta mbushin sht\u00ebpin\u00eb. N\u00eb muret dhe n\u00ebp\u00ebr fletore shkruhen fjali t\u00eb nxjerra nga Bibla, me shpres\u00ebn p\u00ebr nj\u00eb mrekulli hyjnore.<\/p>\n\n\n\n<p>Nj\u00ebra prej tyre shkruan: \u201cDhe n\u00eb qoft\u00eb se Fryma e atij q\u00eb ringjalli Krishtin\u2026 do t\u2019u jap jet\u00eb edhe trupave tuaj vdekatar\u00eb\u2026\u201d Dit\u00ebt kalojn\u00eb. Pastaj muajt. Trupi i Anis\u00ebs nis t\u00eb dekompozohet, por Zhaneta nuk dor\u00ebzohet. Ajo u thot\u00eb t\u00eb af\u00ebrmve q\u00eb trokasin ndonj\u00ebher\u00eb te dera: \u201cLargohuni se vajza nuk ka vdekur, por fle.\u201d<\/p>\n\n\n\n<p>Ata nuk arrijn\u00eb dot t\u00eb kuptojn\u00eb \u00e7\u2019po ndodh v\u00ebrtet brenda. Pas 15 muajsh, n\u00eb korrik t\u00eb vitit 2020, policia m\u00eb n\u00eb fund hyn me forc\u00eb n\u00eb apartament. Brenda, heshtja \u00ebsht\u00eb trondit\u00ebse. N\u00eb nj\u00eb dhom\u00eb t\u00eb mbyllur gjejn\u00eb trupin e Anis\u00ebs t\u00eb tretur, ende n\u00eb vendin ku kishte vdekur. Zhaneta, e dob\u00ebsuar deri n\u00eb vdekje, kishte nd\u00ebrruar jet\u00eb pak koh\u00eb m\u00eb par\u00eb, ulur pran\u00eb s\u00eb bij\u00ebs. Blerta, e vetmja q\u00eb kishte mbetur gjall\u00eb, ishte n\u00eb gjendje t\u00eb r\u00ebnd\u00eb fizike dhe psikologjike.<\/p>\n\n\n\n<p>N\u00eb at\u00eb banes\u00eb t\u00eb err\u00ebt dhe t\u00eb ngjeshur me dhimbje, u zbuluan dhjet\u00ebra faqe ditar\u00ebsh me shkrime t\u00eb shenjta, shenja t\u00eb nj\u00eb devocioni t\u00eb p\u00ebr\u00e7udnuar dhe nj\u00eb s\u00ebmundjeje mendore t\u00eb pa trajtuar. Tragjedia e familjes Josifi ishte p\u00ebrmbushur me dy jet\u00eb t\u00eb humbura dhe nj\u00eb shpirt t\u00eb mbetur n\u00eb agoni. Ishte nj\u00eb histori e heshtur vetmie, besimi t\u00eb verb\u00ebr dhe d\u00ebshtimi shoq\u00ebror p\u00ebr t\u00eb par\u00eb e ndihmuar n\u00eb koh\u00eb. Nj\u00eb histori q\u00eb e l\u00eb nj\u00eb njoll\u00eb t\u00eb err\u00ebt n\u00eb nd\u00ebrgjegjen&nbsp;kolektive.<\/p>\n\n\n\n<p>Sot e gjalle ka ngelur vetem vajza e dyte, e cila pas vdekjes se mamase, ka nis nje jete te re, pak me perfshire ne jeten sociale dhe ka nisur te punoje. Ne ate shtepi nuk jeton me njeri<\/p>\n\n<div style=\"font-size: 0px; height: 0px; line-height: 0px; margin: 0; padding: 0; clear: both;\"><\/div>","protected":false},"excerpt":{"rendered":"<p>Komshinjt\u00eb i p\u00ebrshkruanin si t\u00eb qeta, por gjithmon\u00eb disi t\u00eb ve\u00e7uara. N\u00eb vitin 2020, ndodhi di\u00e7ka q\u00eb askush nuk do ta merrte me mend. M\u00eb 27 mars,&#8230; <\/p>\n","protected":false},"author":1,"featured_media":0,"comment_status":"open","ping_status":"open","sticky":false,"template":"","format":"standard","meta":{"footnotes":""},"categories":[6],"tags":[],"class_list":["post-24699","post","type-post","status-publish","format-standard","hentry","category-lajme"],"_links":{"self":[{"href":"https:\/\/new.findnews5.com\/index.php?rest_route=\/wp\/v2\/posts\/24699","targetHints":{"allow":["GET"]}}],"collection":[{"href":"https:\/\/new.findnews5.com\/index.php?rest_route=\/wp\/v2\/posts"}],"about":[{"href":"https:\/\/new.findnews5.com\/index.php?rest_route=\/wp\/v2\/types\/post"}],"author":[{"embeddable":true,"href":"https:\/\/new.findnews5.com\/index.php?rest_route=\/wp\/v2\/users\/1"}],"replies":[{"embeddable":true,"href":"https:\/\/new.findnews5.com\/index.php?rest_route=%2Fwp%2Fv2%2Fcomments&post=24699"}],"version-history":[{"count":1,"href":"https:\/\/new.findnews5.com\/index.php?rest_route=\/wp\/v2\/posts\/24699\/revisions"}],"predecessor-version":[{"id":24700,"href":"https:\/\/new.findnews5.com\/index.php?rest_route=\/wp\/v2\/posts\/24699\/revisions\/24700"}],"wp:attachment":[{"href":"https:\/\/new.findnews5.com\/index.php?rest_route=%2Fwp%2Fv2%2Fmedia&parent=24699"}],"wp:term":[{"taxonomy":"category","embeddable":true,"href":"https:\/\/new.findnews5.com\/index.php?rest_route=%2Fwp%2Fv2%2Fcategories&post=24699"},{"taxonomy":"post_tag","embeddable":true,"href":"https:\/\/new.findnews5.com\/index.php?rest_route=%2Fwp%2Fv2%2Ftags&post=24699"}],"curies":[{"name":"wp","href":"https:\/\/api.w.org\/{rel}","templated":true}]}}