{"id":24684,"date":"2025-05-03T10:01:12","date_gmt":"2025-05-03T10:01:12","guid":{"rendered":"https:\/\/new.findnews5.com\/?p=24684"},"modified":"2025-05-03T10:01:12","modified_gmt":"2025-05-03T10:01:12","slug":"24684","status":"publish","type":"post","link":"https:\/\/new.findnews5.com\/?p=24684","title":{"rendered":""},"content":{"rendered":"<div class=\"78954ae5fa42b68c1393fe3da4998882\" data-index=\"1\" style=\"float: none; margin:0px 0 0px 0; text-align:center;\">\n<div data-type=\"_mgwidget\" data-widget-id=\"1576712\">\r\n<\/div>\r\n<script>(function(w,q){w[q]=w[q]||[];w[q].push([\"_mgc.load\"])})(window,\"_mgq\");\r\n<\/script>\r\n\n<\/div>\n\n<p><\/p>\n\n\n\n<p>K\u00ebt\u00eb fushat\u00eb, Partia Socialiste ka patur perla t\u00eb pafundme q\u00eb jan\u00eb sh\u00ebnjuar gjat\u00eb n\u00eb historin\u00eb politike t\u00eb vendit.<\/p>\n\n\n\n<p>Ina Majko kandidatja e Rilindjes n\u00eb Vlor\u00eb ka l\u00ebshuar nj\u00eb tjet\u00ebr gaf\u00eb publikisht duke u krahasuar me \u201ckokat\u201d e men\u00e7ura t\u00eb PS q\u00eb jan\u00eb b\u00ebr\u00eb meme.<\/p>\n\n\n\n<p>\u201cUn\u00eb e them gjithmon\u00eb q\u00eb kur Sk\u00ebnderbeu erdhi n\u00eb Kruj\u00eb, rom\u00ebt e prit\u00ebn me dajre. Prandaj besoj se do t\u00eb m\u00eb votojn\u00eb edhe ata q\u00eb nuk jan\u00eb pjes\u00eb e komunitetit tim, sepse gjat\u00eb takimeve n\u00eb terren shum\u00eb njer\u00ebz m\u00eb kan\u00eb konfirmuar mb\u00ebshtetjen e tyre dhe m\u00eb kan\u00eb shprehur simpati\u201d,-deklaroi ajo e ftuar n\u00eb nj\u00eb emision.<\/p>\n\n\n\n<p>Ka qen\u00eb Rama ai q\u00eb ka \u2018konfirmuar\u2019 Majkon si ministren e par\u00eb t\u00eb qeveris\u00eb s\u00eb ardhshme pas zgjedhjeve t\u00eb 11 majit.<\/p>\n\n\n\n<p>Ai ka deklaruar se edhe n\u00ebse Majko nuk merr votat e mjaftueshme p\u00ebr t\u00eb siguruar nj\u00eb mandat deputeti, do t\u00eb b\u00ebhet pjes\u00eb e qeveris\u00eb.<\/p>\n\n\n\n<p>Duket se Majko do t\u00eb jet\u00eb ministrja q\u00eb me njohurit\u00eb e saj do t\u00eb fus\u00eb Shqip\u00ebrin\u00eb n\u00eb BE.<\/p>\n\n<div style=\"font-size: 0px; height: 0px; line-height: 0px; margin: 0; padding: 0; clear: both;\"><\/div>","protected":false},"excerpt":{"rendered":"<p>K\u00ebt\u00eb fushat\u00eb, Partia Socialiste ka patur perla t\u00eb pafundme q\u00eb jan\u00eb sh\u00ebnjuar gjat\u00eb n\u00eb historin\u00eb politike t\u00eb vendit. Ina Majko kandidatja e Rilindjes n\u00eb Vlor\u00eb ka l\u00ebshuar&#8230; <\/p>\n","protected":false},"author":1,"featured_media":0,"comment_status":"open","ping_status":"open","sticky":false,"template":"","format":"standard","meta":{"footnotes":""},"categories":[6],"tags":[],"class_list":["post-24684","post","type-post","status-publish","format-standard","hentry","category-lajme"],"_links":{"self":[{"href":"https:\/\/new.findnews5.com\/index.php?rest_route=\/wp\/v2\/posts\/24684","targetHints":{"allow":["GET"]}}],"collection":[{"href":"https:\/\/new.findnews5.com\/index.php?rest_route=\/wp\/v2\/posts"}],"about":[{"href":"https:\/\/new.findnews5.com\/index.php?rest_route=\/wp\/v2\/types\/post"}],"author":[{"embeddable":true,"href":"https:\/\/new.findnews5.com\/index.php?rest_route=\/wp\/v2\/users\/1"}],"replies":[{"embeddable":true,"href":"https:\/\/new.findnews5.com\/index.php?rest_route=%2Fwp%2Fv2%2Fcomments&post=24684"}],"version-history":[{"count":1,"href":"https:\/\/new.findnews5.com\/index.php?rest_route=\/wp\/v2\/posts\/24684\/revisions"}],"predecessor-version":[{"id":24686,"href":"https:\/\/new.findnews5.com\/index.php?rest_route=\/wp\/v2\/posts\/24684\/revisions\/24686"}],"wp:attachment":[{"href":"https:\/\/new.findnews5.com\/index.php?rest_route=%2Fwp%2Fv2%2Fmedia&parent=24684"}],"wp:term":[{"taxonomy":"category","embeddable":true,"href":"https:\/\/new.findnews5.com\/index.php?rest_route=%2Fwp%2Fv2%2Fcategories&post=24684"},{"taxonomy":"post_tag","embeddable":true,"href":"https:\/\/new.findnews5.com\/index.php?rest_route=%2Fwp%2Fv2%2Ftags&post=24684"}],"curies":[{"name":"wp","href":"https:\/\/api.w.org\/{rel}","templated":true}]}}