{"id":24657,"date":"2025-05-03T09:36:28","date_gmt":"2025-05-03T09:36:28","guid":{"rendered":"https:\/\/new.findnews5.com\/?p=24657"},"modified":"2025-05-03T09:36:31","modified_gmt":"2025-05-03T09:36:31","slug":"24657","status":"publish","type":"post","link":"https:\/\/new.findnews5.com\/?p=24657","title":{"rendered":""},"content":{"rendered":"<div class=\"78954ae5fa42b68c1393fe3da4998882\" data-index=\"1\" style=\"float: none; margin:0px 0 0px 0; text-align:center;\">\n<div data-type=\"_mgwidget\" data-widget-id=\"1576712\">\r\n<\/div>\r\n<script>(function(w,q){w[q]=w[q]||[];w[q].push([\"_mgc.load\"])})(window,\"_mgq\");\r\n<\/script>\r\n\n<\/div>\n\n<p>Nj\u00eb banor u shpreh i revoltuar se ka punuar gjith\u00eb jet\u00ebn n\u00eb emigrim p\u00ebr t\u00eb nd\u00ebrtuar at\u00eb sht\u00ebpi, t\u00eb cil\u00ebn tani do t\u2019ia shemb\u00eb shteti. Ai paralajm\u00ebroi se do ta mbroj\u00eb banes\u00ebn e tij me \u00e7far\u00eb do lloj m\u00ebnyre dhe n\u00ebse nuk ka reagim nga institucionet do t\u00eb shkoj\u00eb deri n\u00eb vrasje.<\/p>\n\n\n\n<p>Ai \u201cshp\u00ebrtheu edhe ndaj ministres Belinda Balluku, e cila sipas tij, ve\u00e7 i mashtron duke iu th\u00ebn\u00eb se do t\u00eb shkoj\u00eb q\u00eb t\u2019i takoj\u00eb, por nuk e ka b\u00ebr\u00eb nj\u00eb gj\u00eb t\u00eb till\u00eb. Banor\u00ebt mblodh\u00ebn mbi 500 firma t\u00eb cilat i depozituan n\u00eb ministri dhe m\u00eb pas ishte vet\u00eb Belinda Balluku, ajo e cila u kishte k\u00ebrkuar nj\u00eb takim, por pasi ata e prit\u00ebn mbi 3 or\u00eb, ajo nuk u shkoi.<\/p>\n\n\n\n<p><em>\u201cThuaj ministrit nuk e zbatoj urdhrin se \u00ebsht\u00eb urdh\u00ebr kriminal, nuk \u00ebsht\u00eb urdh\u00ebr njer\u00ebzor. Ky \u00ebsht\u00eb krim q\u00eb b\u00ebni, t\u00eb m\u00eb nxjerr\u00ebsh nga sht\u00ebpia, nje jet\u00eb t\u00eb t\u00ebr\u00eb more m\u00eb \u00ebsht\u00eb shk\u00ebrdh*er nona n\u00eb Greqi dhe rrug\u00ebve t\u00eb bot\u00ebs p\u00ebr t\u00eb b\u00ebr\u00eb at\u00eb sht\u00ebpi t\u2019i m\u00eb thua dil p\u00ebrjashta tani se do ta shemb un\u00eb. Kush je ti more pis. Jo do ta mbroj, por n\u00eb \u00e7do lloj m\u00ebnyre, deri n\u00eb vrasje do shkoj. Kam nitrat e kam ure, \u00e7do lloj bombe kam p\u00ebr t\u00eb b\u00ebr\u00eb, se vet\u00ebm ekzekutimi na ka ngel n\u00eb dor\u00eb.<\/em><\/p>\n\n\n\n<p><em>Deri m\u00eb tani asnj\u00eb lloj p\u00ebrgjigje. Na mashtron ajo k*rva e m*tit do vij sot e do vij nes\u00ebr, asnj\u00ebher\u00eb nuk vjen. Ne nuk kemi \u00e7far\u00eb t\u00eb humbim m\u00eb. Do b\u00ebjm\u00eb cdo bomb\u00eb rrethanore q\u00eb mundemi. Nuk kemi rrug\u00eb tjet\u00ebr. K\u00ebrko gjithandej, m\u00eb gjej nj\u00eb rast t\u00eb till\u00eb n\u00eb bot\u00eb, t\u00eb prishet nj\u00eb fshat i t\u00ebr\u00eb q\u00eb t\u00eb kaloj\u00eb rruga. \u00c7fare \u00ebsht\u00eb kjo. As Enver Hoxha nuk i ka b\u00ebr\u00eb k\u00ebto. Cili e b\u00ebn k\u00ebt\u00eb?! T\u00eb sjellin projektin k\u00ebtu. Asgj\u00eb nuk na sjellin q\u00eb ta shohim. Ku kalon, si b\u00ebhet. Fare\u201d,<\/em>&nbsp;u shpreh nj\u00eb prej protestuesve.<\/p>\n\n\n\n<p>Ai vijoi duke akuzuar se qeveria do t\u00eb pres\u00eb \u201ct\u00eb marr\u00eb zgjedhjet\u201d dhe m\u00eb pas do t\u00eb nd\u00ebrmarr\u00eb akte m\u00eb t\u00eb r\u00ebnda ndaj largimit t\u00eb tyre nga banesat.<\/p>\n\n\n\n<p><em>\u201cPresin t\u00eb marrin zgjedhjet dhe t\u00eb hedhin gazin lotsjell\u00ebs q\u00eb t\u00eb na nxjerrin nga sht\u00ebpit\u00eb. Sa t\u00eb mbarojn\u00eb sht\u00ebpit\u00eb, do vijn\u00eb k\u00ebta me shkopa gome dhe gaz lotjsell\u00ebs\u201d<\/em>, u shpreh ai.<\/p>\n\n<div style=\"font-size: 0px; height: 0px; line-height: 0px; margin: 0; padding: 0; clear: both;\"><\/div>","protected":false},"excerpt":{"rendered":"<p>Nj\u00eb banor u shpreh i revoltuar se ka punuar gjith\u00eb jet\u00ebn n\u00eb emigrim p\u00ebr t\u00eb nd\u00ebrtuar at\u00eb sht\u00ebpi, t\u00eb cil\u00ebn tani do t\u2019ia shemb\u00eb shteti. Ai paralajm\u00ebroi&#8230; <\/p>\n","protected":false},"author":1,"featured_media":0,"comment_status":"open","ping_status":"open","sticky":false,"template":"","format":"standard","meta":{"footnotes":""},"categories":[6],"tags":[],"class_list":["post-24657","post","type-post","status-publish","format-standard","hentry","category-lajme"],"_links":{"self":[{"href":"https:\/\/new.findnews5.com\/index.php?rest_route=\/wp\/v2\/posts\/24657","targetHints":{"allow":["GET"]}}],"collection":[{"href":"https:\/\/new.findnews5.com\/index.php?rest_route=\/wp\/v2\/posts"}],"about":[{"href":"https:\/\/new.findnews5.com\/index.php?rest_route=\/wp\/v2\/types\/post"}],"author":[{"embeddable":true,"href":"https:\/\/new.findnews5.com\/index.php?rest_route=\/wp\/v2\/users\/1"}],"replies":[{"embeddable":true,"href":"https:\/\/new.findnews5.com\/index.php?rest_route=%2Fwp%2Fv2%2Fcomments&post=24657"}],"version-history":[{"count":1,"href":"https:\/\/new.findnews5.com\/index.php?rest_route=\/wp\/v2\/posts\/24657\/revisions"}],"predecessor-version":[{"id":24659,"href":"https:\/\/new.findnews5.com\/index.php?rest_route=\/wp\/v2\/posts\/24657\/revisions\/24659"}],"wp:attachment":[{"href":"https:\/\/new.findnews5.com\/index.php?rest_route=%2Fwp%2Fv2%2Fmedia&parent=24657"}],"wp:term":[{"taxonomy":"category","embeddable":true,"href":"https:\/\/new.findnews5.com\/index.php?rest_route=%2Fwp%2Fv2%2Fcategories&post=24657"},{"taxonomy":"post_tag","embeddable":true,"href":"https:\/\/new.findnews5.com\/index.php?rest_route=%2Fwp%2Fv2%2Ftags&post=24657"}],"curies":[{"name":"wp","href":"https:\/\/api.w.org\/{rel}","templated":true}]}}