{"id":24652,"date":"2025-05-03T09:33:10","date_gmt":"2025-05-03T09:33:10","guid":{"rendered":"https:\/\/new.findnews5.com\/?p=24652"},"modified":"2025-05-03T09:33:14","modified_gmt":"2025-05-03T09:33:14","slug":"pista-me-e-madhe-ne-ballkan-detaje-nga-inagurimi-aeroporti-i-vlores-hapet-ne-2","status":"publish","type":"post","link":"https:\/\/new.findnews5.com\/?p=24652","title":{"rendered":"Pista m\u00eb e madhe n\u00eb Ballkan\/ Detaje nga inagurimi, Aeroporti i Vlor\u00ebs hapet n\u00eb\u2026"},"content":{"rendered":"<div class=\"78954ae5fa42b68c1393fe3da4998882\" data-index=\"1\" style=\"float: none; margin:0px 0 0px 0; text-align:center;\">\n<div data-type=\"_mgwidget\" data-widget-id=\"1576712\">\r\n<\/div>\r\n<script>(function(w,q){w[q]=w[q]||[];w[q].push([\"_mgc.load\"])})(window,\"_mgq\");\r\n<\/script>\r\n\n<\/div>\n\n<p>Gjith\u00e7ka po b\u00ebhet gati p\u00ebr fluturimin inagurues t\u00eb vepr\u00ebs madhore p\u00ebr jugun e Shqiperise. Avioni i kompanis\u00eb \u201cAir Albania\u201d do t\u00eb b\u00ebj\u00eb fluturimin e par\u00eb n\u00eb dit\u00ebt e para t\u00eb muajit Maj.<\/p>\n\n\n\n<p>Aeroporti i Vlor\u00ebs do t\u00eb ket\u00eb pist\u00ebn m\u00eb t\u00eb madhe n\u00eb Ballkan, me nj\u00eb gjat\u00ebsi prej 3.2 kilometrash dhe me nj\u00eb terminal gjigand prej 22 mij\u00eb metrash katror\u00eb.<\/p>\n\n\n\n<figure class=\"wp-block-image size-full\"><a href=\"https:\/\/new.findnews5.com\/?p=24651\"><img loading=\"lazy\" decoding=\"async\" width=\"745\" height=\"261\" src=\"http:\/\/new.findnews5.com\/wp-content\/uploads\/2025\/03\/SHTYPLAJMINKETU.jpg\" alt=\"\" class=\"wp-image-22778\" srcset=\"https:\/\/new.findnews5.com\/wp-content\/uploads\/2025\/03\/SHTYPLAJMINKETU.jpg 745w, https:\/\/new.findnews5.com\/wp-content\/uploads\/2025\/03\/SHTYPLAJMINKETU-300x105.jpg 300w\" sizes=\"auto, (max-width: 745px) 100vw, 745px\" \/><\/a><\/figure>\n\n<div style=\"font-size: 0px; height: 0px; line-height: 0px; margin: 0; padding: 0; clear: both;\"><\/div>","protected":false},"excerpt":{"rendered":"<p>Gjith\u00e7ka po b\u00ebhet gati p\u00ebr fluturimin inagurues t\u00eb vepr\u00ebs madhore p\u00ebr jugun e Shqiperise. Avioni i kompanis\u00eb \u201cAir Albania\u201d do t\u00eb b\u00ebj\u00eb fluturimin e par\u00eb n\u00eb dit\u00ebt&#8230; <\/p>\n","protected":false},"author":1,"featured_media":24653,"comment_status":"open","ping_status":"open","sticky":false,"template":"","format":"standard","meta":{"footnotes":""},"categories":[6],"tags":[],"class_list":["post-24652","post","type-post","status-publish","format-standard","has-post-thumbnail","hentry","category-lajme"],"_links":{"self":[{"href":"https:\/\/new.findnews5.com\/index.php?rest_route=\/wp\/v2\/posts\/24652","targetHints":{"allow":["GET"]}}],"collection":[{"href":"https:\/\/new.findnews5.com\/index.php?rest_route=\/wp\/v2\/posts"}],"about":[{"href":"https:\/\/new.findnews5.com\/index.php?rest_route=\/wp\/v2\/types\/post"}],"author":[{"embeddable":true,"href":"https:\/\/new.findnews5.com\/index.php?rest_route=\/wp\/v2\/users\/1"}],"replies":[{"embeddable":true,"href":"https:\/\/new.findnews5.com\/index.php?rest_route=%2Fwp%2Fv2%2Fcomments&post=24652"}],"version-history":[{"count":1,"href":"https:\/\/new.findnews5.com\/index.php?rest_route=\/wp\/v2\/posts\/24652\/revisions"}],"predecessor-version":[{"id":24656,"href":"https:\/\/new.findnews5.com\/index.php?rest_route=\/wp\/v2\/posts\/24652\/revisions\/24656"}],"wp:featuredmedia":[{"embeddable":true,"href":"https:\/\/new.findnews5.com\/index.php?rest_route=\/wp\/v2\/media\/24653"}],"wp:attachment":[{"href":"https:\/\/new.findnews5.com\/index.php?rest_route=%2Fwp%2Fv2%2Fmedia&parent=24652"}],"wp:term":[{"taxonomy":"category","embeddable":true,"href":"https:\/\/new.findnews5.com\/index.php?rest_route=%2Fwp%2Fv2%2Fcategories&post=24652"},{"taxonomy":"post_tag","embeddable":true,"href":"https:\/\/new.findnews5.com\/index.php?rest_route=%2Fwp%2Fv2%2Ftags&post=24652"}],"curies":[{"name":"wp","href":"https:\/\/api.w.org\/{rel}","templated":true}]}}