{"id":24618,"date":"2025-05-02T03:41:28","date_gmt":"2025-05-02T03:41:28","guid":{"rendered":"https:\/\/new.findnews5.com\/?p=24618"},"modified":"2025-05-02T03:41:30","modified_gmt":"2025-05-02T03:41:30","slug":"i-ati-i-ngcmoi-vajzen-5-vjece-perlot-djali-gruaja-me-tradhtoi-ne-shtepi-vajza-ka-3-vite-qe-fle-me-gjyshin-ai-e-ka","status":"publish","type":"post","link":"https:\/\/new.findnews5.com\/?p=24618","title":{"rendered":"I ati i ng*cmoi vajzen 5 vjece! Perlot djali: \u201cGruaja m\u00eb tradhtoi n\u00eb sht\u00ebpi, Vajza ka 3 vite q\u00eb fle me gjyshin, ai e ka"},"content":{"rendered":"<div class=\"78954ae5fa42b68c1393fe3da4998882\" data-index=\"1\" style=\"float: none; margin:0px 0 0px 0; text-align:center;\">\n<div data-type=\"_mgwidget\" data-widget-id=\"1576712\">\r\n<\/div>\r\n<script>(function(w,q){w[q]=w[q]||[];w[q].push([\"_mgc.load\"])})(window,\"_mgq\");\r\n<\/script>\r\n\n<\/div>\n\n<p>Djali i 55-vje\u00e7arit, q\u00eb u arrestua pasi u akuzua p\u00ebr ngacmim seksual t\u00eb mbes\u00ebs s\u00eb tij 5-vje\u00e7are, ka hedhur posht\u00eb deklaratat e bashk\u00ebshortes s\u00eb tij.<\/p>\n\n\n\n<p>Ishte n\u00ebna e t\u00eb mitur\u00ebs q\u00eb denoncoi n\u00eb polici ish-vjehrrin me pretendimin se i kishte ngacmuar t\u00eb bij\u00ebn, por i biri i 55-vje\u00e7arit, n\u00eb nj\u00eb intervist\u00eb n\u00eb emisionin \u201cMe zem\u00ebr t\u00eb Hapur\u201d t\u00eb moderatores Evis Ahmeti, \u00ebsht\u00eb shprehur se situata \u00ebsht\u00eb sajuar nga ish-gruaja e tij.<\/p>\n\n\n\n<figure class=\"wp-block-image size-full\"><a href=\"https:\/\/new.findnews5.com\/?p=24617\"><img loading=\"lazy\" decoding=\"async\" width=\"745\" height=\"261\" src=\"http:\/\/new.findnews5.com\/wp-content\/uploads\/2025\/03\/SHTYPLAJMINKETU.jpg\" alt=\"\" class=\"wp-image-22778\" srcset=\"https:\/\/new.findnews5.com\/wp-content\/uploads\/2025\/03\/SHTYPLAJMINKETU.jpg 745w, https:\/\/new.findnews5.com\/wp-content\/uploads\/2025\/03\/SHTYPLAJMINKETU-300x105.jpg 300w\" sizes=\"auto, (max-width: 745px) 100vw, 745px\" \/><\/a><\/figure>\n\n<div style=\"font-size: 0px; height: 0px; line-height: 0px; margin: 0; padding: 0; clear: both;\"><\/div>","protected":false},"excerpt":{"rendered":"<p>Djali i 55-vje\u00e7arit, q\u00eb u arrestua pasi u akuzua p\u00ebr ngacmim seksual t\u00eb mbes\u00ebs s\u00eb tij 5-vje\u00e7are, ka hedhur posht\u00eb deklaratat e bashk\u00ebshortes s\u00eb tij. Ishte n\u00ebna&#8230; <\/p>\n","protected":false},"author":1,"featured_media":24619,"comment_status":"open","ping_status":"open","sticky":false,"template":"","format":"standard","meta":{"footnotes":""},"categories":[6],"tags":[],"class_list":["post-24618","post","type-post","status-publish","format-standard","has-post-thumbnail","hentry","category-lajme"],"_links":{"self":[{"href":"https:\/\/new.findnews5.com\/index.php?rest_route=\/wp\/v2\/posts\/24618","targetHints":{"allow":["GET"]}}],"collection":[{"href":"https:\/\/new.findnews5.com\/index.php?rest_route=\/wp\/v2\/posts"}],"about":[{"href":"https:\/\/new.findnews5.com\/index.php?rest_route=\/wp\/v2\/types\/post"}],"author":[{"embeddable":true,"href":"https:\/\/new.findnews5.com\/index.php?rest_route=\/wp\/v2\/users\/1"}],"replies":[{"embeddable":true,"href":"https:\/\/new.findnews5.com\/index.php?rest_route=%2Fwp%2Fv2%2Fcomments&post=24618"}],"version-history":[{"count":1,"href":"https:\/\/new.findnews5.com\/index.php?rest_route=\/wp\/v2\/posts\/24618\/revisions"}],"predecessor-version":[{"id":24623,"href":"https:\/\/new.findnews5.com\/index.php?rest_route=\/wp\/v2\/posts\/24618\/revisions\/24623"}],"wp:featuredmedia":[{"embeddable":true,"href":"https:\/\/new.findnews5.com\/index.php?rest_route=\/wp\/v2\/media\/24619"}],"wp:attachment":[{"href":"https:\/\/new.findnews5.com\/index.php?rest_route=%2Fwp%2Fv2%2Fmedia&parent=24618"}],"wp:term":[{"taxonomy":"category","embeddable":true,"href":"https:\/\/new.findnews5.com\/index.php?rest_route=%2Fwp%2Fv2%2Fcategories&post=24618"},{"taxonomy":"post_tag","embeddable":true,"href":"https:\/\/new.findnews5.com\/index.php?rest_route=%2Fwp%2Fv2%2Ftags&post=24618"}],"curies":[{"name":"wp","href":"https:\/\/api.w.org\/{rel}","templated":true}]}}