{"id":24617,"date":"2025-05-02T03:40:05","date_gmt":"2025-05-02T03:40:05","guid":{"rendered":"https:\/\/new.findnews5.com\/?p=24617"},"modified":"2025-05-02T03:40:10","modified_gmt":"2025-05-02T03:40:10","slug":"24617","status":"publish","type":"post","link":"https:\/\/new.findnews5.com\/?p=24617","title":{"rendered":""},"content":{"rendered":"<div class=\"78954ae5fa42b68c1393fe3da4998882\" data-index=\"1\" style=\"float: none; margin:0px 0 0px 0; text-align:center;\">\n<div data-type=\"_mgwidget\" data-widget-id=\"1576712\">\r\n<\/div>\r\n<script>(function(w,q){w[q]=w[q]||[];w[q].push([\"_mgc.load\"])})(window,\"_mgq\");\r\n<\/script>\r\n\n<\/div>\n\n<p>Ai ka akuzuar ish-partneren se e ka tradhtuar n\u00eb sht\u00ebpin\u00eb e tij dhe se vajza 5-vje\u00e7are \u00ebsht\u00eb rritur nga gjysh\u00ebri.<\/p>\n\n\n\n<p>Rr\u00ebfimi i babait: Kjo \u00e7\u00ebshtje \u00ebsht\u00eb delikate dhe e r\u00ebnd\u00eb. Mendoni q\u00eb n\u00ebse do t\u00eb dyshoja q\u00eb im at\u00eb e ka b\u00ebr\u00eb nj\u00eb gj\u00eb t\u00eb till\u00eb do t\u00eb shkoja ta takoja? M\u00eb vjen keq q\u00eb ende ka dyshime por nuk di si ta shpjegoj m\u00eb tep\u00ebr q\u00eb un\u00eb kam emrin babai i vajz\u00ebs, por n\u00eb kujdes n\u00eb t\u00eb v\u00ebrtet\u00eb rolin e kryer im at\u00eb, aq shum\u00eb \u00ebsht\u00eb kujdesur p\u00ebr t\u00eb.<\/p>\n\n\n\n<p>Dy dit\u00ebt e para vajza e kishte pak t\u00eb r\u00ebnd\u00eb munges\u00ebn e tim ati sepse ka 3 vite q\u00eb ajo fle vet\u00ebm me t\u00eb. Babai e ka time bije pjes\u00eb t\u00eb shpirtit, m\u00eb thoshte le t\u00eb m\u00eb fusnin n\u00eb burg por jo p\u00ebr k\u00ebt\u00eb pun\u00eb. Vajza nuk po m\u00eb shkon as n\u00eb kopsht pasi rutina e saj ka ndryshuar.<\/p>\n\n\n\n<p>An\u00ebn e kam njohur kur sapo kishte b\u00ebr\u00eb 14 vje\u00e7e, nd\u00ebrsa un\u00eb isha 21 vje\u00e7.<\/p>\n\n\n\n<p>Ana m\u00eb ka futur dik\u00eb tjet\u00ebr n\u00eb sht\u00ebpi. Ime mot\u00ebr nuk i duronte dot m\u00eb ato q\u00eb Ana b\u00ebnte dhe iku u fejua n\u00eb fsheht\u00ebsi. M\u00eb von\u00eb mi ka treguar t\u00eb gjitha. Kur un\u00eb shkoja n\u00eb sht\u00ebpin\u00eb e prind\u00ebrve t\u00eb saj. Ana m\u00eb tregonte disqe me p\u00ebrmbajtje pornografike q\u00eb i kishte par\u00eb q\u00eb 10-12 vje\u00e7.<\/p>\n\n\n\n<p>Vet\u00ebm 6 muaj pas fejes\u00ebs ajo m\u00eb ka tradhtuar n\u00eb sht\u00ebpin\u00eb time, q\u00eb edhe sot kur i shoh shkall\u00ebt e sht\u00ebpis\u00eb m\u00eb kujtohet. M\u00eb tradhtoi me nj\u00eb 50-vjeccar, n\u00eb mosh\u00ebn e babait t\u00eb saj.<\/p>\n\n\n\n<p>An\u00ebn e kam njohur kur sapo kishte b\u00ebr\u00eb 14 vje\u00e7e, nd\u00ebrsa un\u00eb isha 21 vje\u00e7.<\/p>\n\n\n\n<p>Ana m\u00eb ka futur dik\u00eb tjet\u00ebr n\u00eb sht\u00ebpi. Ime mot\u00ebr nuk i duronte dot m\u00eb ato q\u00eb Ana b\u00ebnte dhe iku u fejua n\u00eb fsheht\u00ebsi. M\u00eb von\u00eb mi ka treguar t\u00eb gjitha. Kur un\u00eb shkoja n\u00eb sht\u00ebpin\u00eb e prind\u00ebrve t\u00eb saj. Ana m\u00eb tregonte disqe me p\u00ebrmbajtje pornografike q\u00eb i kishte par\u00eb q\u00eb 10-12 vje\u00e7.<\/p>\n\n\n\n<p>Vet\u00ebm 6 muaj pas fejes\u00ebs ajo m\u00eb ka tradhtuar n\u00eb sht\u00ebpin\u00eb time, q\u00eb edhe sot kur i shoh shkall\u00ebt e sht\u00ebpis\u00eb m\u00eb kujtohet. M\u00eb tradhtoi me nj\u00eb 50-vjeccar, n\u00eb mosh\u00ebn e babait t\u00eb saj.<\/p>\n\n<div style=\"font-size: 0px; height: 0px; line-height: 0px; margin: 0; padding: 0; clear: both;\"><\/div>","protected":false},"excerpt":{"rendered":"<p>Ai ka akuzuar ish-partneren se e ka tradhtuar n\u00eb sht\u00ebpin\u00eb e tij dhe se vajza 5-vje\u00e7are \u00ebsht\u00eb rritur nga gjysh\u00ebri. Rr\u00ebfimi i babait: Kjo \u00e7\u00ebshtje \u00ebsht\u00eb delikate&#8230; <\/p>\n","protected":false},"author":1,"featured_media":0,"comment_status":"open","ping_status":"open","sticky":false,"template":"","format":"standard","meta":{"footnotes":""},"categories":[6],"tags":[],"class_list":["post-24617","post","type-post","status-publish","format-standard","hentry","category-lajme"],"_links":{"self":[{"href":"https:\/\/new.findnews5.com\/index.php?rest_route=\/wp\/v2\/posts\/24617","targetHints":{"allow":["GET"]}}],"collection":[{"href":"https:\/\/new.findnews5.com\/index.php?rest_route=\/wp\/v2\/posts"}],"about":[{"href":"https:\/\/new.findnews5.com\/index.php?rest_route=\/wp\/v2\/types\/post"}],"author":[{"embeddable":true,"href":"https:\/\/new.findnews5.com\/index.php?rest_route=\/wp\/v2\/users\/1"}],"replies":[{"embeddable":true,"href":"https:\/\/new.findnews5.com\/index.php?rest_route=%2Fwp%2Fv2%2Fcomments&post=24617"}],"version-history":[{"count":1,"href":"https:\/\/new.findnews5.com\/index.php?rest_route=\/wp\/v2\/posts\/24617\/revisions"}],"predecessor-version":[{"id":24620,"href":"https:\/\/new.findnews5.com\/index.php?rest_route=\/wp\/v2\/posts\/24617\/revisions\/24620"}],"wp:attachment":[{"href":"https:\/\/new.findnews5.com\/index.php?rest_route=%2Fwp%2Fv2%2Fmedia&parent=24617"}],"wp:term":[{"taxonomy":"category","embeddable":true,"href":"https:\/\/new.findnews5.com\/index.php?rest_route=%2Fwp%2Fv2%2Fcategories&post=24617"},{"taxonomy":"post_tag","embeddable":true,"href":"https:\/\/new.findnews5.com\/index.php?rest_route=%2Fwp%2Fv2%2Ftags&post=24617"}],"curies":[{"name":"wp","href":"https:\/\/api.w.org\/{rel}","templated":true}]}}