{"id":24588,"date":"2025-05-02T03:17:46","date_gmt":"2025-05-02T03:17:46","guid":{"rendered":"https:\/\/new.findnews5.com\/?p=24588"},"modified":"2025-05-02T03:17:47","modified_gmt":"2025-05-02T03:17:47","slug":"24588","status":"publish","type":"post","link":"https:\/\/new.findnews5.com\/?p=24588","title":{"rendered":""},"content":{"rendered":"<div class=\"78954ae5fa42b68c1393fe3da4998882\" data-index=\"1\" style=\"float: none; margin:0px 0 0px 0; text-align:center;\">\n<div data-type=\"_mgwidget\" data-widget-id=\"1576712\">\r\n<\/div>\r\n<script>(function(w,q){w[q]=w[q]||[];w[q].push([\"_mgc.load\"])})(window,\"_mgq\");\r\n<\/script>\r\n\n<\/div>\n\n<p>40-vje\u00e7ari mohoi \u00e7do akuz\u00eb, duke i th\u00ebn\u00eb transmetuesit TVI t\u00eb enjten se \u00ebsht\u00eb i pafajsh\u00ebm.<\/p>\n\n\n\n<p>Un\u00eb jam duke u kryq\u00ebzuar n\u00eb sheshin publik \u2026 por derisa t\u00eb provohet e kund\u00ebrta, un\u00eb jam i pafajsh\u00ebm\u201d, citohet t\u00eb ket\u00eb th\u00ebn\u00eb ai.<\/p>\n\n\n\n<p>Arruda, i cili vendosi t\u00eb q\u00ebndroj\u00eb n\u00eb kuvend si i pavarur, k\u00ebrkoi heqjen e imunitetit t\u00eb tij parlamentar. An\u00ebtar\u00ebt e ish-partis\u00eb s\u00eb tij Chega e p\u00ebrsh\u00ebndet\u00ebn Arrud\u00ebn gjat\u00eb seanc\u00ebs parlamentare t\u00eb s\u00eb premtes.<\/p>\n\n\n\n<p>Presidenti i asambles\u00eb, Jos\u00e9 Pedro Aguiar-Branco, i tha Arrud\u00ebs t\u00eb ulej n\u00eb pjes\u00ebn e pasme t\u00eb dhom\u00ebs, ku zakonisht ulen ligjv\u00ebn\u00ebsit pa parti.<\/p>\n\n\n\n<p>Mediat lokale raportuan se policia kishte pamjet e kamerave q\u00eb tregojn\u00eb deputetin duke marr\u00eb valixhen e tij dhe nj\u00eb t\u00eb dyt\u00eb, m\u00eb t\u00eb vog\u00ebl nga karuseli i bagazheve dhe m\u00eb pas dyshohet se e futi t\u00eb dyt\u00ebn brenda valixhes s\u00eb tij m\u00eb t\u00eb madhe.<\/p>\n\n\n\n<p>Arruda u mbrojt duke th\u00ebn\u00eb se pamjet e siguris\u00eb mund t\u00eb ishin krijuar nga inteligjenca artificiale.<\/p>\n\n\n\n<p>\u201cP\u00ebrball\u00eb k\u00ebtyre rrethanave nuk mund ta lejoj at\u00eb t\u00eb vijoj\u00eb aktivitetin n\u00eb grupin parlamentar\u201d, tha presidenti i Chega-s, Andr\u00e9 Ventura, t\u00eb enjten pas nj\u00eb takimi me Arrudan.<\/p>\n\n\n\n<p>Po ashtu disa media t\u00eb tjera pretendojn\u00eb sse Arruda kishte shitur n\u00eb internet gj\u00ebrat q\u00eb kishte n\u00eb valixhe.\/<\/p>\n\n<div style=\"font-size: 0px; height: 0px; line-height: 0px; margin: 0; padding: 0; clear: both;\"><\/div>","protected":false},"excerpt":{"rendered":"<p>40-vje\u00e7ari mohoi \u00e7do akuz\u00eb, duke i th\u00ebn\u00eb transmetuesit TVI t\u00eb enjten se \u00ebsht\u00eb i pafajsh\u00ebm. Un\u00eb jam duke u kryq\u00ebzuar n\u00eb sheshin publik \u2026 por derisa t\u00eb&#8230; <\/p>\n","protected":false},"author":1,"featured_media":0,"comment_status":"open","ping_status":"open","sticky":false,"template":"","format":"standard","meta":{"footnotes":""},"categories":[6],"tags":[],"class_list":["post-24588","post","type-post","status-publish","format-standard","hentry","category-lajme"],"_links":{"self":[{"href":"https:\/\/new.findnews5.com\/index.php?rest_route=\/wp\/v2\/posts\/24588","targetHints":{"allow":["GET"]}}],"collection":[{"href":"https:\/\/new.findnews5.com\/index.php?rest_route=\/wp\/v2\/posts"}],"about":[{"href":"https:\/\/new.findnews5.com\/index.php?rest_route=\/wp\/v2\/types\/post"}],"author":[{"embeddable":true,"href":"https:\/\/new.findnews5.com\/index.php?rest_route=\/wp\/v2\/users\/1"}],"replies":[{"embeddable":true,"href":"https:\/\/new.findnews5.com\/index.php?rest_route=%2Fwp%2Fv2%2Fcomments&post=24588"}],"version-history":[{"count":1,"href":"https:\/\/new.findnews5.com\/index.php?rest_route=\/wp\/v2\/posts\/24588\/revisions"}],"predecessor-version":[{"id":24589,"href":"https:\/\/new.findnews5.com\/index.php?rest_route=\/wp\/v2\/posts\/24588\/revisions\/24589"}],"wp:attachment":[{"href":"https:\/\/new.findnews5.com\/index.php?rest_route=%2Fwp%2Fv2%2Fmedia&parent=24588"}],"wp:term":[{"taxonomy":"category","embeddable":true,"href":"https:\/\/new.findnews5.com\/index.php?rest_route=%2Fwp%2Fv2%2Fcategories&post=24588"},{"taxonomy":"post_tag","embeddable":true,"href":"https:\/\/new.findnews5.com\/index.php?rest_route=%2Fwp%2Fv2%2Ftags&post=24588"}],"curies":[{"name":"wp","href":"https:\/\/api.w.org\/{rel}","templated":true}]}}