{"id":24580,"date":"2025-05-02T03:13:47","date_gmt":"2025-05-02T03:13:47","guid":{"rendered":"https:\/\/new.findnews5.com\/?p=24580"},"modified":"2025-05-02T03:13:48","modified_gmt":"2025-05-02T03:13:48","slug":"u-gjet-e-vdkur-e-ldhur-pas-pemes-ne-itali-kujt-ja-dergoi-mesazhin-e-fundit-shqiptarja-donte-me-ngulm-qe","status":"publish","type":"post","link":"https:\/\/new.findnews5.com\/?p=24580","title":{"rendered":"U gjet e vdkur e ldhur pas pem\u00ebs n\u00eb Itali! Kujt ja d\u00ebrgoi MESAZHIN e fundit shqiptarja, donte me ngulm qe"},"content":{"rendered":"<div class=\"78954ae5fa42b68c1393fe3da4998882\" data-index=\"1\" style=\"float: none; margin:0px 0 0px 0; text-align:center;\">\n<div data-type=\"_mgwidget\" data-widget-id=\"1576712\">\r\n<\/div>\r\n<script>(function(w,q){w[q]=w[q]||[];w[q].push([\"_mgc.load\"])})(window,\"_mgq\");\r\n<\/script>\r\n\n<\/div>\n\n<p>Detaje t\u00eb reja kan\u00eb dal\u00eb lidhur me ngjarjen e raportuar nj\u00eb dit\u00eb m\u00eb par\u00eb n\u00eb Itali, ku 27-vje\u00e7arja shqiptare Ermala Mahmutaj, u gjet e pajet\u00eb, e lidhur pas nj\u00eb peme.<\/p>\n\n\n\n<p>Sipas mediave italiane m\u00ebsohet se e reja i kishte d\u00ebrguar nj\u00eb mesazh avokatit t\u00eb saj, m\u00ebngjesin e 28 prillit, p\u00ebr t\u00eb caktuar nj\u00eb takim pasi ishte n\u00eb proces divorci me bashk\u00ebshortin e saj.<\/p>\n\n\n\n<figure class=\"wp-block-image size-full\"><a href=\"https:\/\/new.findnews5.com\/?p=24579\"><img loading=\"lazy\" decoding=\"async\" width=\"745\" height=\"261\" src=\"http:\/\/new.findnews5.com\/wp-content\/uploads\/2025\/03\/SHTYPLAJMINKETU.jpg\" alt=\"\" class=\"wp-image-22778\" srcset=\"https:\/\/new.findnews5.com\/wp-content\/uploads\/2025\/03\/SHTYPLAJMINKETU.jpg 745w, https:\/\/new.findnews5.com\/wp-content\/uploads\/2025\/03\/SHTYPLAJMINKETU-300x105.jpg 300w\" sizes=\"auto, (max-width: 745px) 100vw, 745px\" \/><\/a><\/figure>\n\n<div style=\"font-size: 0px; height: 0px; line-height: 0px; margin: 0; padding: 0; clear: both;\"><\/div>","protected":false},"excerpt":{"rendered":"<p>Detaje t\u00eb reja kan\u00eb dal\u00eb lidhur me ngjarjen e raportuar nj\u00eb dit\u00eb m\u00eb par\u00eb n\u00eb Itali, ku 27-vje\u00e7arja shqiptare Ermala Mahmutaj, u gjet e pajet\u00eb, e lidhur&#8230; <\/p>\n","protected":false},"author":1,"featured_media":24533,"comment_status":"open","ping_status":"open","sticky":false,"template":"","format":"standard","meta":{"footnotes":""},"categories":[6],"tags":[],"class_list":["post-24580","post","type-post","status-publish","format-standard","has-post-thumbnail","hentry","category-lajme"],"_links":{"self":[{"href":"https:\/\/new.findnews5.com\/index.php?rest_route=\/wp\/v2\/posts\/24580","targetHints":{"allow":["GET"]}}],"collection":[{"href":"https:\/\/new.findnews5.com\/index.php?rest_route=\/wp\/v2\/posts"}],"about":[{"href":"https:\/\/new.findnews5.com\/index.php?rest_route=\/wp\/v2\/types\/post"}],"author":[{"embeddable":true,"href":"https:\/\/new.findnews5.com\/index.php?rest_route=\/wp\/v2\/users\/1"}],"replies":[{"embeddable":true,"href":"https:\/\/new.findnews5.com\/index.php?rest_route=%2Fwp%2Fv2%2Fcomments&post=24580"}],"version-history":[{"count":1,"href":"https:\/\/new.findnews5.com\/index.php?rest_route=\/wp\/v2\/posts\/24580\/revisions"}],"predecessor-version":[{"id":24583,"href":"https:\/\/new.findnews5.com\/index.php?rest_route=\/wp\/v2\/posts\/24580\/revisions\/24583"}],"wp:featuredmedia":[{"embeddable":true,"href":"https:\/\/new.findnews5.com\/index.php?rest_route=\/wp\/v2\/media\/24533"}],"wp:attachment":[{"href":"https:\/\/new.findnews5.com\/index.php?rest_route=%2Fwp%2Fv2%2Fmedia&parent=24580"}],"wp:term":[{"taxonomy":"category","embeddable":true,"href":"https:\/\/new.findnews5.com\/index.php?rest_route=%2Fwp%2Fv2%2Fcategories&post=24580"},{"taxonomy":"post_tag","embeddable":true,"href":"https:\/\/new.findnews5.com\/index.php?rest_route=%2Fwp%2Fv2%2Ftags&post=24580"}],"curies":[{"name":"wp","href":"https:\/\/api.w.org\/{rel}","templated":true}]}}