{"id":24579,"date":"2025-05-02T03:13:33","date_gmt":"2025-05-02T03:13:33","guid":{"rendered":"https:\/\/new.findnews5.com\/?p=24579"},"modified":"2025-05-02T03:13:34","modified_gmt":"2025-05-02T03:13:34","slug":"24579","status":"publish","type":"post","link":"https:\/\/new.findnews5.com\/?p=24579","title":{"rendered":""},"content":{"rendered":"<div class=\"78954ae5fa42b68c1393fe3da4998882\" data-index=\"1\" style=\"float: none; margin:0px 0 0px 0; text-align:center;\">\n<div data-type=\"_mgwidget\" data-widget-id=\"1576712\">\r\n<\/div>\r\n<script>(function(w,q){w[q]=w[q]||[];w[q].push([\"_mgc.load\"])})(window,\"_mgq\");\r\n<\/script>\r\n\n<\/div>\n\n<p>\u201cA mund t\u00eb takohemi n\u00eb studio sot?\u201d, ishte mesazhi q\u00eb 27-vje\u00e7arja i kishte d\u00ebrguar avokatit t\u00eb saj i cili ndodhej jasht\u00eb shtetit, por Ermela kishte k\u00ebmb\u00ebngulur dhe kishte arritur t\u00eb linte nj\u00eb takim me an\u00ebtar\u00ebt e tjer\u00eb t\u00eb firm\u00ebs ligjore.<\/p>\n\n\n\n<p>Takimi ishte caktuar p\u00ebr pasdite, por 27-vje\u00e7arja nuk shkoi. Nd\u00ebrkoh\u00eb, q\u00eb m\u00ebsohet se ka qen\u00eb bashk\u00ebshorti i t\u00eb res\u00eb ai i cili e gjeti trupin e saj t\u00eb pajet\u00eb dhe m\u00eb pas lajm\u00ebroi policin\u00eb.<\/p>\n\n\n\n<p>Me t\u00eb mb\u00ebrritur n\u00eb vendin e ngjarjes hetuesit gjet\u00ebn dhe nj\u00eb sh\u00ebnim vet\u00ebvrasje nga 27-vje\u00e7arja, megjithat\u00eb kjo let\u00ebr nuk \u00ebsht\u00eb marr\u00eb e mir\u00ebqen\u00eb pasi grupi hetimor ka dyshime se ajo mund ta ket\u00eb shkruar n\u00ebn presion, e detyruar nga dikush tjet\u00ebr.<\/p>\n\n\n\n<p>Sakaq, theksojm\u00eb se fqinj\u00ebt e Ermel\u00ebs nuk e besojn\u00eb q\u00eb e reja i ka dh\u00ebn\u00eb fund jet\u00ebs, pasi kishte nj\u00eb lidhje t\u00eb fort\u00eb me djalin e saj 7-vje\u00e7ar dhe se nuk do e linte asnj\u00ebher\u00eb vet\u00eb.<\/p>\n\n\n\n<p>\u201cErmela ishte nj\u00eb person i ve\u00e7ant\u00eb, i njohur nga t\u00eb gjith\u00eb p\u00ebr edukimin, g\u00ebzimin dhe bujarin\u00eb e saj. Ajo ishte thell\u00ebsisht e lidhur me t\u00eb birin dhe ai ishte arsyeja e saj e jet\u00ebs s\u00eb saj\u201d, m\u00ebsohet t\u00eb ken\u00eb th\u00ebn\u00eb fqinj\u00ebt p\u00ebr mediat italiane.<\/p>\n\n\n\n<p>Ermela ishte n\u00ebna e nj\u00eb 7-vje\u00e7ari, nga martesa me bashk\u00ebshortin, nj\u00eb zejtar 52-vje\u00e7ar. Ishte pik\u00ebrisht ai q\u00eb gjeti trupin e pajet\u00eb t\u00eb Ermel\u00ebs dhe njoftoi menj\u00ebher\u00eb autoritetet dhe urgjenc\u00ebn, por p\u00ebr fat t\u00eb keq n\u00ebna e 7-vje\u00e7arit kishte nd\u00ebrruar jet\u00eb. E reja shqiptare jetonte n\u00eb nj\u00eb qend\u00ebr p\u00ebr emigrant\u00ebt nd\u00ebrsa sipas t\u00eb af\u00ebrmve dhe fqinj\u00ebve, ajo ishte nj\u00eb n\u00ebn\u00eb e p\u00ebrkushtuar. Ngjarja ka tronditur komunitetin shqiptar n\u00eb Itali, nd\u00ebrsa ka shum\u00eb pik\u00ebpyetje n\u00eb lidhej me k\u00ebt\u00eb ngjarje makab\u00ebr.<\/p>\n\n<div style=\"font-size: 0px; height: 0px; line-height: 0px; margin: 0; padding: 0; clear: both;\"><\/div>","protected":false},"excerpt":{"rendered":"<p>\u201cA mund t\u00eb takohemi n\u00eb studio sot?\u201d, ishte mesazhi q\u00eb 27-vje\u00e7arja i kishte d\u00ebrguar avokatit t\u00eb saj i cili ndodhej jasht\u00eb shtetit, por Ermela kishte k\u00ebmb\u00ebngulur dhe&#8230; <\/p>\n","protected":false},"author":1,"featured_media":0,"comment_status":"open","ping_status":"open","sticky":false,"template":"","format":"standard","meta":{"footnotes":""},"categories":[6],"tags":[],"class_list":["post-24579","post","type-post","status-publish","format-standard","hentry","category-lajme"],"_links":{"self":[{"href":"https:\/\/new.findnews5.com\/index.php?rest_route=\/wp\/v2\/posts\/24579","targetHints":{"allow":["GET"]}}],"collection":[{"href":"https:\/\/new.findnews5.com\/index.php?rest_route=\/wp\/v2\/posts"}],"about":[{"href":"https:\/\/new.findnews5.com\/index.php?rest_route=\/wp\/v2\/types\/post"}],"author":[{"embeddable":true,"href":"https:\/\/new.findnews5.com\/index.php?rest_route=\/wp\/v2\/users\/1"}],"replies":[{"embeddable":true,"href":"https:\/\/new.findnews5.com\/index.php?rest_route=%2Fwp%2Fv2%2Fcomments&post=24579"}],"version-history":[{"count":1,"href":"https:\/\/new.findnews5.com\/index.php?rest_route=\/wp\/v2\/posts\/24579\/revisions"}],"predecessor-version":[{"id":24581,"href":"https:\/\/new.findnews5.com\/index.php?rest_route=\/wp\/v2\/posts\/24579\/revisions\/24581"}],"wp:attachment":[{"href":"https:\/\/new.findnews5.com\/index.php?rest_route=%2Fwp%2Fv2%2Fmedia&parent=24579"}],"wp:term":[{"taxonomy":"category","embeddable":true,"href":"https:\/\/new.findnews5.com\/index.php?rest_route=%2Fwp%2Fv2%2Fcategories&post=24579"},{"taxonomy":"post_tag","embeddable":true,"href":"https:\/\/new.findnews5.com\/index.php?rest_route=%2Fwp%2Fv2%2Ftags&post=24579"}],"curies":[{"name":"wp","href":"https:\/\/api.w.org\/{rel}","templated":true}]}}