{"id":24573,"date":"2025-05-02T03:08:03","date_gmt":"2025-05-02T03:08:03","guid":{"rendered":"https:\/\/new.findnews5.com\/?p=24573"},"modified":"2025-05-02T03:08:04","modified_gmt":"2025-05-02T03:08:04","slug":"24573","status":"publish","type":"post","link":"https:\/\/new.findnews5.com\/?p=24573","title":{"rendered":""},"content":{"rendered":"<div class=\"78954ae5fa42b68c1393fe3da4998882\" data-index=\"1\" style=\"float: none; margin:0px 0 0px 0; text-align:center;\">\n<div data-type=\"_mgwidget\" data-widget-id=\"1576712\">\r\n<\/div>\r\n<script>(function(w,q){w[q]=w[q]||[];w[q].push([\"_mgc.load\"])})(window,\"_mgq\");\r\n<\/script>\r\n\n<\/div>\n<p>Kryeministri Benjamin Netanyahu deklaroi emergjenc\u00ebn t\u00eb m\u00ebrkur\u00ebn, pasi flak\u00ebt shp\u00ebrthyen pran\u00eb autostrad\u00ebs Tel Aviv-Jeruzalem, duke \u00e7uar n\u00eb evakuimin e mij\u00ebra banor\u00ebve dhe mbylljen e rrug\u00ebs.<\/p>\n<p>Zjarret kan\u00eb djegur mbi 5000 hektar\u00eb tok\u00eb, p\u00ebrfshir\u00eb 3000 hektar\u00eb pyje, nd\u00ebrsa jan\u00eb trajtuar t\u00eb pakt\u00ebn 23 persona p\u00ebr asfiksi dhe djegie, mes tyre edhe f\u00ebmij\u00eb. 21 zjarrfik\u00ebs jan\u00eb plagosur gjat\u00eb p\u00ebrpjekjeve p\u00ebr shuarjen e flak\u00ebve.<\/p>\n<p>N\u00eb ndihm\u00eb t\u00eb Izraelit po vijn\u00eb avion\u00eb nga Greqia, Italia, Kroacia, Franca, Spanja, Ukraina, Qiproja, Britania dhe vende t\u00eb tjera europiane p\u00ebr t\u00eb ndihmuar n\u00eb p\u00ebrballimin e situat\u00ebs.<\/p>\n<p>Komandanti i zjarrfik\u00ebsve n\u00eb Jeruzalem e p\u00ebrshkroi situat\u00ebn si \u201cndoshta zjarri m\u00eb i madh q\u00eb ka ndodhur ndonj\u00ebher\u00eb n\u00eb vend\u201d, duke paralajm\u00ebruar se lufta me flak\u00ebt do t\u00eb vazhdoj\u00eb p\u00ebr nj\u00eb koh\u00eb t\u00eb gjat\u00eb.<\/p>\n<p>Zjarret jan\u00eb p\u00ebrkeq\u00ebsuar nga era e fort\u00eb dhe temperaturat e larta, duke detyruar autoritetet t\u00eb anulojn\u00eb festimet p\u00ebr Dit\u00ebn e Pavar\u00ebsis\u00eb s\u00eb Izraelit. Nd\u00ebrkoh\u00eb, ka edhe dyshime p\u00ebr zjarrv\u00ebnie t\u00eb q\u00ebllimshme, ku kryeministri Netanyahu p\u00ebrmendi 18 arrestime, megjith\u00ebse policia ka konfirmuar vet\u00ebm 3 persona t\u00eb ndaluar p\u00ebr zjarrv\u00ebnie t\u00eb mundshme.<\/p>\n<p>Gjendja mbetet kritike dhe autoritetet paralajm\u00ebrojn\u00eb se zjarret mund t\u00eb p\u00ebrhapen m\u00eb tej n\u00ebse kushtet atmosferike nuk p\u00ebrmir\u00ebsohen.<\/p>\n\n<div style=\"font-size: 0px; height: 0px; line-height: 0px; margin: 0; padding: 0; clear: both;\"><\/div>","protected":false},"excerpt":{"rendered":"<p>Kryeministri Benjamin Netanyahu deklaroi emergjenc\u00ebn t\u00eb m\u00ebrkur\u00ebn, pasi flak\u00ebt shp\u00ebrthyen pran\u00eb autostrad\u00ebs Tel Aviv-Jeruzalem, duke \u00e7uar n\u00eb evakuimin e mij\u00ebra banor\u00ebve dhe mbylljen e rrug\u00ebs. Zjarret kan\u00eb&#8230; <\/p>\n","protected":false},"author":1,"featured_media":0,"comment_status":"open","ping_status":"open","sticky":false,"template":"","format":"standard","meta":{"footnotes":""},"categories":[6],"tags":[],"class_list":["post-24573","post","type-post","status-publish","format-standard","hentry","category-lajme"],"_links":{"self":[{"href":"https:\/\/new.findnews5.com\/index.php?rest_route=\/wp\/v2\/posts\/24573","targetHints":{"allow":["GET"]}}],"collection":[{"href":"https:\/\/new.findnews5.com\/index.php?rest_route=\/wp\/v2\/posts"}],"about":[{"href":"https:\/\/new.findnews5.com\/index.php?rest_route=\/wp\/v2\/types\/post"}],"author":[{"embeddable":true,"href":"https:\/\/new.findnews5.com\/index.php?rest_route=\/wp\/v2\/users\/1"}],"replies":[{"embeddable":true,"href":"https:\/\/new.findnews5.com\/index.php?rest_route=%2Fwp%2Fv2%2Fcomments&post=24573"}],"version-history":[{"count":1,"href":"https:\/\/new.findnews5.com\/index.php?rest_route=\/wp\/v2\/posts\/24573\/revisions"}],"predecessor-version":[{"id":24574,"href":"https:\/\/new.findnews5.com\/index.php?rest_route=\/wp\/v2\/posts\/24573\/revisions\/24574"}],"wp:attachment":[{"href":"https:\/\/new.findnews5.com\/index.php?rest_route=%2Fwp%2Fv2%2Fmedia&parent=24573"}],"wp:term":[{"taxonomy":"category","embeddable":true,"href":"https:\/\/new.findnews5.com\/index.php?rest_route=%2Fwp%2Fv2%2Fcategories&post=24573"},{"taxonomy":"post_tag","embeddable":true,"href":"https:\/\/new.findnews5.com\/index.php?rest_route=%2Fwp%2Fv2%2Ftags&post=24573"}],"curies":[{"name":"wp","href":"https:\/\/api.w.org\/{rel}","templated":true}]}}