{"id":24571,"date":"2025-05-02T03:08:38","date_gmt":"2025-05-02T03:08:38","guid":{"rendered":"https:\/\/new.findnews5.com\/?p=24571"},"modified":"2025-05-02T03:08:40","modified_gmt":"2025-05-02T03:08:40","slug":"mijera-hektare-te-shkrumbuara-nga-zjarret-e-fuqishme-izraeli-shpall-gjendjen-e-jashtezakonshme","status":"publish","type":"post","link":"https:\/\/new.findnews5.com\/?p=24571","title":{"rendered":"Mij\u00ebra hektar\u00eb t\u00eb shkrumbuara nga zjarret e fuqishme, Izraeli shpall gjendjen e jasht\u00ebzakonshme"},"content":{"rendered":"<div class=\"78954ae5fa42b68c1393fe3da4998882\" data-index=\"1\" style=\"float: none; margin:0px 0 0px 0; text-align:center;\">\n<div data-type=\"_mgwidget\" data-widget-id=\"1576712\">\r\n<\/div>\r\n<script>(function(w,q){w[q]=w[q]||[];w[q].push([\"_mgc.load\"])})(window,\"_mgq\");\r\n<\/script>\r\n\n<\/div>\n\n<p>Nj\u00eb situat\u00eb dramatike \u00ebsht\u00eb duke ndodhur n\u00eb Izrael, ku zjarre t\u00eb fuqishme kan\u00eb p\u00ebrfshir\u00eb pyje dhe zona t\u00eb banuara n\u00eb af\u00ebrsi t\u00eb Jeruzalemit, duke detyruar autoritetet t\u00eb shpallin gjendje t\u00eb jasht\u00ebzakonshme komb\u00ebtare.<\/p>\n\n\n\n<figure class=\"wp-block-image size-full\"><a href=\"https:\/\/new.findnews5.com\/?p=24573\"><img loading=\"lazy\" decoding=\"async\" width=\"745\" height=\"261\" src=\"http:\/\/new.findnews5.com\/wp-content\/uploads\/2025\/03\/SHTYPLAJMINKETU.jpg\" alt=\"\" class=\"wp-image-22778\" srcset=\"https:\/\/new.findnews5.com\/wp-content\/uploads\/2025\/03\/SHTYPLAJMINKETU.jpg 745w, https:\/\/new.findnews5.com\/wp-content\/uploads\/2025\/03\/SHTYPLAJMINKETU-300x105.jpg 300w\" sizes=\"auto, (max-width: 745px) 100vw, 745px\" \/><\/a><\/figure>\n\n<div style=\"font-size: 0px; height: 0px; line-height: 0px; margin: 0; padding: 0; clear: both;\"><\/div>","protected":false},"excerpt":{"rendered":"<p>Nj\u00eb situat\u00eb dramatike \u00ebsht\u00eb duke ndodhur n\u00eb Izrael, ku zjarre t\u00eb fuqishme kan\u00eb p\u00ebrfshir\u00eb pyje dhe zona t\u00eb banuara n\u00eb af\u00ebrsi t\u00eb Jeruzalemit, duke detyruar autoritetet t\u00eb&#8230; <\/p>\n","protected":false},"author":1,"featured_media":24572,"comment_status":"open","ping_status":"open","sticky":false,"template":"","format":"standard","meta":{"footnotes":""},"categories":[6],"tags":[],"class_list":["post-24571","post","type-post","status-publish","format-standard","has-post-thumbnail","hentry","category-lajme"],"_links":{"self":[{"href":"https:\/\/new.findnews5.com\/index.php?rest_route=\/wp\/v2\/posts\/24571","targetHints":{"allow":["GET"]}}],"collection":[{"href":"https:\/\/new.findnews5.com\/index.php?rest_route=\/wp\/v2\/posts"}],"about":[{"href":"https:\/\/new.findnews5.com\/index.php?rest_route=\/wp\/v2\/types\/post"}],"author":[{"embeddable":true,"href":"https:\/\/new.findnews5.com\/index.php?rest_route=\/wp\/v2\/users\/1"}],"replies":[{"embeddable":true,"href":"https:\/\/new.findnews5.com\/index.php?rest_route=%2Fwp%2Fv2%2Fcomments&post=24571"}],"version-history":[{"count":1,"href":"https:\/\/new.findnews5.com\/index.php?rest_route=\/wp\/v2\/posts\/24571\/revisions"}],"predecessor-version":[{"id":24576,"href":"https:\/\/new.findnews5.com\/index.php?rest_route=\/wp\/v2\/posts\/24571\/revisions\/24576"}],"wp:featuredmedia":[{"embeddable":true,"href":"https:\/\/new.findnews5.com\/index.php?rest_route=\/wp\/v2\/media\/24572"}],"wp:attachment":[{"href":"https:\/\/new.findnews5.com\/index.php?rest_route=%2Fwp%2Fv2%2Fmedia&parent=24571"}],"wp:term":[{"taxonomy":"category","embeddable":true,"href":"https:\/\/new.findnews5.com\/index.php?rest_route=%2Fwp%2Fv2%2Fcategories&post=24571"},{"taxonomy":"post_tag","embeddable":true,"href":"https:\/\/new.findnews5.com\/index.php?rest_route=%2Fwp%2Fv2%2Ftags&post=24571"}],"curies":[{"name":"wp","href":"https:\/\/api.w.org\/{rel}","templated":true}]}}