{"id":24552,"date":"2025-05-01T17:02:31","date_gmt":"2025-05-01T17:02:31","guid":{"rendered":"https:\/\/new.findnews5.com\/?p=24552"},"modified":"2025-05-01T17:02:39","modified_gmt":"2025-05-01T17:02:39","slug":"24552","status":"publish","type":"post","link":"https:\/\/new.findnews5.com\/?p=24552","title":{"rendered":""},"content":{"rendered":"<div class=\"78954ae5fa42b68c1393fe3da4998882\" data-index=\"1\" style=\"float: none; margin:0px 0 0px 0; text-align:center;\">\n<div data-type=\"_mgwidget\" data-widget-id=\"1576712\">\r\n<\/div>\r\n<script>(function(w,q){w[q]=w[q]||[];w[q].push([\"_mgc.load\"])})(window,\"_mgq\");\r\n<\/script>\r\n\n<\/div>\n\n<p><em>\u201cAlfred Lela e kuptoj q\u00eb jeni disa dit\u00eb larg nj\u00eb zgjedhjeje t\u00eb r\u00ebnd\u00ebsishme. E kuptoj q\u00eb emocionet jan\u00eb t\u00eb larta. Zgjedhjet tuaja i kam par\u00eb n\u00eb heshtje nga anash, sepse Shqip\u00ebria \u00ebsht\u00eb nj\u00eb aleate e r\u00ebnd\u00ebsishme dhe e besuar e Amerik\u00ebs n\u00eb NATO (dhe nj\u00eb nga vendet e mia t\u00eb preferuara p\u00ebr t\u00eb vizituar dhe p\u00ebr t\u00eb pushuar). Por kjo histori nga media juaj \u00ebsht\u00eb nj\u00eb g\u00ebnjesht\u00ebr TOTALE. Duhet t\u00eb korrigjohet menj\u00ebher\u00eb dhe t\u00eb hiqet n\u00ebse ju interesojn\u00eb faktet\u201d<\/em>,&nbsp; shkruan Richard Grenell.<\/p>\n\n\n\n<p>Sipas lajmit t\u00eb shp\u00ebrndar\u00eb m\u00eb her\u00ebt nga portalet pran\u00eb PD-s\u00eb, Trump Jr. kishte planifikuar nj\u00eb takim me Edi Ram\u00ebn n\u00eb Tiran\u00eb, i cili ishte lobuar nga Richard Grenell. M\u00eb tej, k\u00ebto media pretendonin se pasi njer\u00ebz pran\u00eb stafit t\u00eb Presidentit Trump m\u00ebsuan p\u00ebr p\u00ebrfshirjen e Ram\u00ebs n\u00eb axhend\u00eb, Donald Trump Jr. anuloi takimin dhe p\u00ebr pasoj\u00eb edhe vizit\u00ebn n\u00eb Shqip\u00ebri.<\/p>\n\n<div style=\"font-size: 0px; height: 0px; line-height: 0px; margin: 0; padding: 0; clear: both;\"><\/div>","protected":false},"excerpt":{"rendered":"<p>\u201cAlfred Lela e kuptoj q\u00eb jeni disa dit\u00eb larg nj\u00eb zgjedhjeje t\u00eb r\u00ebnd\u00ebsishme. E kuptoj q\u00eb emocionet jan\u00eb t\u00eb larta. Zgjedhjet tuaja i kam par\u00eb n\u00eb heshtje&#8230; <\/p>\n","protected":false},"author":1,"featured_media":0,"comment_status":"open","ping_status":"open","sticky":false,"template":"","format":"standard","meta":{"footnotes":""},"categories":[6],"tags":[],"class_list":["post-24552","post","type-post","status-publish","format-standard","hentry","category-lajme"],"_links":{"self":[{"href":"https:\/\/new.findnews5.com\/index.php?rest_route=\/wp\/v2\/posts\/24552","targetHints":{"allow":["GET"]}}],"collection":[{"href":"https:\/\/new.findnews5.com\/index.php?rest_route=\/wp\/v2\/posts"}],"about":[{"href":"https:\/\/new.findnews5.com\/index.php?rest_route=\/wp\/v2\/types\/post"}],"author":[{"embeddable":true,"href":"https:\/\/new.findnews5.com\/index.php?rest_route=\/wp\/v2\/users\/1"}],"replies":[{"embeddable":true,"href":"https:\/\/new.findnews5.com\/index.php?rest_route=%2Fwp%2Fv2%2Fcomments&post=24552"}],"version-history":[{"count":1,"href":"https:\/\/new.findnews5.com\/index.php?rest_route=\/wp\/v2\/posts\/24552\/revisions"}],"predecessor-version":[{"id":24553,"href":"https:\/\/new.findnews5.com\/index.php?rest_route=\/wp\/v2\/posts\/24552\/revisions\/24553"}],"wp:attachment":[{"href":"https:\/\/new.findnews5.com\/index.php?rest_route=%2Fwp%2Fv2%2Fmedia&parent=24552"}],"wp:term":[{"taxonomy":"category","embeddable":true,"href":"https:\/\/new.findnews5.com\/index.php?rest_route=%2Fwp%2Fv2%2Fcategories&post=24552"},{"taxonomy":"post_tag","embeddable":true,"href":"https:\/\/new.findnews5.com\/index.php?rest_route=%2Fwp%2Fv2%2Ftags&post=24552"}],"curies":[{"name":"wp","href":"https:\/\/api.w.org\/{rel}","templated":true}]}}