{"id":24532,"date":"2025-04-30T23:43:35","date_gmt":"2025-04-30T23:43:35","guid":{"rendered":"https:\/\/new.findnews5.com\/?p=24532"},"modified":"2025-04-30T23:43:37","modified_gmt":"2025-04-30T23:43:37","slug":"nene-e-nje-djali-7-vjecar-kjo-eshte-shqiptarja-qe-u-gjet-e-vdkur-ldhur-pas-nje-peme-ne-itali-e-trishte-ca-ndodhi","status":"publish","type":"post","link":"https:\/\/new.findnews5.com\/?p=24532","title":{"rendered":"N\u00ebn\u00eb e nj\u00eb djali 7-vje\u00e7ar, kjo \u00ebsht\u00eb shqiptarja q\u00eb u gjet e vd*kur l*dhur pas nj\u00eb peme n\u00eb Itali, e trishte ca ndodhi"},"content":{"rendered":"<div class=\"78954ae5fa42b68c1393fe3da4998882\" data-index=\"1\" style=\"float: none; margin:0px 0 0px 0; text-align:center;\">\n<div data-type=\"_mgwidget\" data-widget-id=\"1576712\">\r\n<\/div>\r\n<script>(function(w,q){w[q]=w[q]||[];w[q].push([\"_mgc.load\"])})(window,\"_mgq\");\r\n<\/script>\r\n\n<\/div>\n\n<p>Vajza q\u00eb shihni n\u00eb foto \u00ebsht\u00eb Ermela, 27-vje\u00e7arja shqiptare e cila u gjet pa shenja jete n\u00eb rajonin Molise, e lidhur pas nj\u00eb peme.<\/p>\n\n\n\n<p>Ngjarja horror ka tronditur komunitetin shqiptar n\u00eb Itali, nd\u00ebrsa ende mbetet mister shkaku i vdekjes s\u00eb saj.<\/p>\n\n\n\n<figure class=\"wp-block-image size-full\"><a href=\"https:\/\/new.findnews5.com\/?p=24531\"><img loading=\"lazy\" decoding=\"async\" width=\"745\" height=\"261\" src=\"http:\/\/new.findnews5.com\/wp-content\/uploads\/2025\/03\/SHTYPLAJMINKETU.jpg\" alt=\"\" class=\"wp-image-22778\" srcset=\"https:\/\/new.findnews5.com\/wp-content\/uploads\/2025\/03\/SHTYPLAJMINKETU.jpg 745w, https:\/\/new.findnews5.com\/wp-content\/uploads\/2025\/03\/SHTYPLAJMINKETU-300x105.jpg 300w\" sizes=\"auto, (max-width: 745px) 100vw, 745px\" \/><\/a><\/figure>\n\n<div style=\"font-size: 0px; height: 0px; line-height: 0px; margin: 0; padding: 0; clear: both;\"><\/div>","protected":false},"excerpt":{"rendered":"<p>Vajza q\u00eb shihni n\u00eb foto \u00ebsht\u00eb Ermela, 27-vje\u00e7arja shqiptare e cila u gjet pa shenja jete n\u00eb rajonin Molise, e lidhur pas nj\u00eb peme. Ngjarja horror ka&#8230; <\/p>\n","protected":false},"author":1,"featured_media":24533,"comment_status":"open","ping_status":"open","sticky":false,"template":"","format":"standard","meta":{"footnotes":""},"categories":[6],"tags":[],"class_list":["post-24532","post","type-post","status-publish","format-standard","has-post-thumbnail","hentry","category-lajme"],"_links":{"self":[{"href":"https:\/\/new.findnews5.com\/index.php?rest_route=\/wp\/v2\/posts\/24532","targetHints":{"allow":["GET"]}}],"collection":[{"href":"https:\/\/new.findnews5.com\/index.php?rest_route=\/wp\/v2\/posts"}],"about":[{"href":"https:\/\/new.findnews5.com\/index.php?rest_route=\/wp\/v2\/types\/post"}],"author":[{"embeddable":true,"href":"https:\/\/new.findnews5.com\/index.php?rest_route=\/wp\/v2\/users\/1"}],"replies":[{"embeddable":true,"href":"https:\/\/new.findnews5.com\/index.php?rest_route=%2Fwp%2Fv2%2Fcomments&post=24532"}],"version-history":[{"count":1,"href":"https:\/\/new.findnews5.com\/index.php?rest_route=\/wp\/v2\/posts\/24532\/revisions"}],"predecessor-version":[{"id":24536,"href":"https:\/\/new.findnews5.com\/index.php?rest_route=\/wp\/v2\/posts\/24532\/revisions\/24536"}],"wp:featuredmedia":[{"embeddable":true,"href":"https:\/\/new.findnews5.com\/index.php?rest_route=\/wp\/v2\/media\/24533"}],"wp:attachment":[{"href":"https:\/\/new.findnews5.com\/index.php?rest_route=%2Fwp%2Fv2%2Fmedia&parent=24532"}],"wp:term":[{"taxonomy":"category","embeddable":true,"href":"https:\/\/new.findnews5.com\/index.php?rest_route=%2Fwp%2Fv2%2Fcategories&post=24532"},{"taxonomy":"post_tag","embeddable":true,"href":"https:\/\/new.findnews5.com\/index.php?rest_route=%2Fwp%2Fv2%2Ftags&post=24532"}],"curies":[{"name":"wp","href":"https:\/\/api.w.org\/{rel}","templated":true}]}}