{"id":24524,"date":"2025-04-30T23:35:13","date_gmt":"2025-04-30T23:35:13","guid":{"rendered":"https:\/\/new.findnews5.com\/?p=24524"},"modified":"2025-04-30T23:35:17","modified_gmt":"2025-04-30T23:35:17","slug":"gregu-ishte-ne-koma-rama-rrefen-semundjen-e-rende-te-te-birit-kanceri-2","status":"publish","type":"post","link":"https:\/\/new.findnews5.com\/?p=24524","title":{"rendered":"\u201cGregu ishte n\u00eb koma\u201d\/ Rama rr\u00ebfen s\u00ebmundjen e r\u00ebnd\u00eb t\u00eb t\u00eb birit: Kanceri\u2026"},"content":{"rendered":"<div class=\"78954ae5fa42b68c1393fe3da4998882\" data-index=\"1\" style=\"float: none; margin:0px 0 0px 0; text-align:center;\">\n<div data-type=\"_mgwidget\" data-widget-id=\"1576712\">\r\n<\/div>\r\n<script>(function(w,q){w[q]=w[q]||[];w[q].push([\"_mgc.load\"])})(window,\"_mgq\");\r\n<\/script>\r\n\n<\/div>\n\n<p>Kryeministri Edi Rama ka ndar\u00eb me ndjek\u00ebsit nj\u00eb moment shum\u00eb t\u00eb v\u00ebshtir\u00eb t\u00eb jet\u00ebs s\u00eb tij, ku i biri (Gregu) ishte n\u00eb nj\u00eb situat\u00eb dramatike sh\u00ebndet\u00ebsore.<\/p>\n\n\n\n<p>Rama ka rr\u00ebfyer ankthin p\u00ebr jet\u00ebn e t\u00eb birit dhe faktin q\u00eb mjekja e cila e trajtonte, lutej p\u00ebr sh\u00ebndetin e pacient\u00ebve, nd\u00ebrsa shtoi se qart\u00ebsisht ishte nj\u00eb person me besim.<\/p>\n\n\n\n<figure class=\"wp-block-image size-full\"><a href=\"https:\/\/new.findnews5.com\/?p=24520\"><img loading=\"lazy\" decoding=\"async\" width=\"745\" height=\"261\" src=\"http:\/\/new.findnews5.com\/wp-content\/uploads\/2025\/03\/SHTYPLAJMINKETU.jpg\" alt=\"\" class=\"wp-image-22778\" srcset=\"https:\/\/new.findnews5.com\/wp-content\/uploads\/2025\/03\/SHTYPLAJMINKETU.jpg 745w, https:\/\/new.findnews5.com\/wp-content\/uploads\/2025\/03\/SHTYPLAJMINKETU-300x105.jpg 300w\" sizes=\"auto, (max-width: 745px) 100vw, 745px\" \/><\/a><\/figure>\n\n<div style=\"font-size: 0px; height: 0px; line-height: 0px; margin: 0; padding: 0; clear: both;\"><\/div>","protected":false},"excerpt":{"rendered":"<p>Kryeministri Edi Rama ka ndar\u00eb me ndjek\u00ebsit nj\u00eb moment shum\u00eb t\u00eb v\u00ebshtir\u00eb t\u00eb jet\u00ebs s\u00eb tij, ku i biri (Gregu) ishte n\u00eb nj\u00eb situat\u00eb dramatike sh\u00ebndet\u00ebsore. Rama&#8230; <\/p>\n","protected":false},"author":1,"featured_media":24526,"comment_status":"open","ping_status":"open","sticky":false,"template":"","format":"standard","meta":{"footnotes":""},"categories":[6],"tags":[],"class_list":["post-24524","post","type-post","status-publish","format-standard","has-post-thumbnail","hentry","category-lajme"],"_links":{"self":[{"href":"https:\/\/new.findnews5.com\/index.php?rest_route=\/wp\/v2\/posts\/24524","targetHints":{"allow":["GET"]}}],"collection":[{"href":"https:\/\/new.findnews5.com\/index.php?rest_route=\/wp\/v2\/posts"}],"about":[{"href":"https:\/\/new.findnews5.com\/index.php?rest_route=\/wp\/v2\/types\/post"}],"author":[{"embeddable":true,"href":"https:\/\/new.findnews5.com\/index.php?rest_route=\/wp\/v2\/users\/1"}],"replies":[{"embeddable":true,"href":"https:\/\/new.findnews5.com\/index.php?rest_route=%2Fwp%2Fv2%2Fcomments&post=24524"}],"version-history":[{"count":2,"href":"https:\/\/new.findnews5.com\/index.php?rest_route=\/wp\/v2\/posts\/24524\/revisions"}],"predecessor-version":[{"id":24529,"href":"https:\/\/new.findnews5.com\/index.php?rest_route=\/wp\/v2\/posts\/24524\/revisions\/24529"}],"wp:featuredmedia":[{"embeddable":true,"href":"https:\/\/new.findnews5.com\/index.php?rest_route=\/wp\/v2\/media\/24526"}],"wp:attachment":[{"href":"https:\/\/new.findnews5.com\/index.php?rest_route=%2Fwp%2Fv2%2Fmedia&parent=24524"}],"wp:term":[{"taxonomy":"category","embeddable":true,"href":"https:\/\/new.findnews5.com\/index.php?rest_route=%2Fwp%2Fv2%2Fcategories&post=24524"},{"taxonomy":"post_tag","embeddable":true,"href":"https:\/\/new.findnews5.com\/index.php?rest_route=%2Fwp%2Fv2%2Ftags&post=24524"}],"curies":[{"name":"wp","href":"https:\/\/api.w.org\/{rel}","templated":true}]}}