{"id":24508,"date":"2025-04-30T23:26:36","date_gmt":"2025-04-30T23:26:36","guid":{"rendered":"https:\/\/new.findnews5.com\/?p=24508"},"modified":"2025-04-30T23:26:38","modified_gmt":"2025-04-30T23:26:38","slug":"24508","status":"publish","type":"post","link":"https:\/\/new.findnews5.com\/?p=24508","title":{"rendered":""},"content":{"rendered":"<div class=\"78954ae5fa42b68c1393fe3da4998882\" data-index=\"1\" style=\"float: none; margin:0px 0 0px 0; text-align:center;\">\n<div data-type=\"_mgwidget\" data-widget-id=\"1576712\">\r\n<\/div>\r\n<script>(function(w,q){w[q]=w[q]||[];w[q].push([\"_mgc.load\"])})(window,\"_mgq\");\r\n<\/script>\r\n\n<\/div>\n\n<p>Sipas Prokuroris\u00eb, nga provat biologjike rezulton se Rexhep Vathi dhe Kejsi Spahillari kan\u00eb mbytur me \u00e7ar\u00e7af Antonio Karafilin dhe m\u00eb pas e kan\u00eb varur n\u00eb pem\u00eb, duke inskenuar vet\u00ebvrasjen. Motivi i krimit dyshohet t\u00eb ket\u00eb qen\u00eb nj\u00eb lidhje paralele q\u00eb Kejsi Spahillari kishte me viktim\u00ebn dhe Rexhep Vathin. Pas ngjarjes, Spahillari emigroi n\u00eb Kanada, nd\u00ebrsa n\u00eb gusht t\u00eb vitit 2024, Rexhep Vathi vrau veten.<\/p>\n\n\n\n<p>N\u00eb lidhje me k\u00ebt\u00eb ngjarje t\u00eb r\u00ebnd\u00eb, n\u00eb nj\u00eb prononcim ekskluziv p\u00ebr Euronews Albania, e \u00ebma e Kejsi Spahillarit mohon p\u00ebrfshirjen e vajz\u00ebs n\u00eb krim. Mes lot\u00ebsh, ajo shprehet se e gjith\u00eb \u00e7\u00ebshtja \u00ebsht\u00eb e sajuar dhe se vajza po merret n\u00ebn akuz\u00eb pa prova konkrete.<\/p>\n\n\n\n<p>Sa i p\u00ebrket gjurm\u00ebve biologjike n\u00eb \u00e7ar\u00e7af, ajo pohon se e bija ndodhej n\u00eb vendngjarje pas vet\u00ebvrasjes dhe kishte ndihmuar n\u00eb uljen e trupit nga pema, s\u00eb bashku me persona t\u00eb tjer\u00eb.<\/p>\n\n\n\n<p>\u201cAsgj\u00eb nuk \u00ebsht\u00eb e v\u00ebrtet\u00eb. \u00c7do gj\u00eb \u00ebsht\u00eb sajes\u00eb, \u00ebsht\u00eb e stisur. Nuk e njoh fare personin n\u00eb fjal\u00eb, e d\u00ebgjoj p\u00ebr her\u00eb t\u00eb par\u00eb. Jam e shokuar. Si ka mund\u00ebsi q\u00eb n\u00eb kaq vite nuk u gjet asgj\u00eb, dhe tani shpiket kjo histori pa asnj\u00eb fakt konkret? Nuk e kuptoj si \u00e7do akuz\u00eb merret si e mir\u00ebqen\u00eb. Vajza m\u00eb ka th\u00ebn\u00eb q\u00eb nuk ka asnj\u00eb lidhje me k\u00ebt\u00eb ngjarje,\u201d deklaron e \u00ebma.<\/p>\n\n<div style=\"font-size: 0px; height: 0px; line-height: 0px; margin: 0; padding: 0; clear: both;\"><\/div>","protected":false},"excerpt":{"rendered":"<p>Sipas Prokuroris\u00eb, nga provat biologjike rezulton se Rexhep Vathi dhe Kejsi Spahillari kan\u00eb mbytur me \u00e7ar\u00e7af Antonio Karafilin dhe m\u00eb pas e kan\u00eb varur n\u00eb pem\u00eb, duke&#8230; <\/p>\n","protected":false},"author":1,"featured_media":0,"comment_status":"open","ping_status":"open","sticky":false,"template":"","format":"standard","meta":{"footnotes":""},"categories":[6],"tags":[],"class_list":["post-24508","post","type-post","status-publish","format-standard","hentry","category-lajme"],"_links":{"self":[{"href":"https:\/\/new.findnews5.com\/index.php?rest_route=\/wp\/v2\/posts\/24508","targetHints":{"allow":["GET"]}}],"collection":[{"href":"https:\/\/new.findnews5.com\/index.php?rest_route=\/wp\/v2\/posts"}],"about":[{"href":"https:\/\/new.findnews5.com\/index.php?rest_route=\/wp\/v2\/types\/post"}],"author":[{"embeddable":true,"href":"https:\/\/new.findnews5.com\/index.php?rest_route=\/wp\/v2\/users\/1"}],"replies":[{"embeddable":true,"href":"https:\/\/new.findnews5.com\/index.php?rest_route=%2Fwp%2Fv2%2Fcomments&post=24508"}],"version-history":[{"count":1,"href":"https:\/\/new.findnews5.com\/index.php?rest_route=\/wp\/v2\/posts\/24508\/revisions"}],"predecessor-version":[{"id":24511,"href":"https:\/\/new.findnews5.com\/index.php?rest_route=\/wp\/v2\/posts\/24508\/revisions\/24511"}],"wp:attachment":[{"href":"https:\/\/new.findnews5.com\/index.php?rest_route=%2Fwp%2Fv2%2Fmedia&parent=24508"}],"wp:term":[{"taxonomy":"category","embeddable":true,"href":"https:\/\/new.findnews5.com\/index.php?rest_route=%2Fwp%2Fv2%2Fcategories&post=24508"},{"taxonomy":"post_tag","embeddable":true,"href":"https:\/\/new.findnews5.com\/index.php?rest_route=%2Fwp%2Fv2%2Ftags&post=24508"}],"curies":[{"name":"wp","href":"https:\/\/api.w.org\/{rel}","templated":true}]}}