{"id":24495,"date":"2025-04-30T18:53:47","date_gmt":"2025-04-30T18:53:47","guid":{"rendered":"https:\/\/new.findnews5.com\/?p=24495"},"modified":"2025-04-30T18:53:49","modified_gmt":"2025-04-30T18:53:49","slug":"24495","status":"publish","type":"post","link":"https:\/\/new.findnews5.com\/?p=24495","title":{"rendered":""},"content":{"rendered":"<div class=\"78954ae5fa42b68c1393fe3da4998882\" data-index=\"1\" style=\"float: none; margin:0px 0 0px 0; text-align:center;\">\n<div data-type=\"_mgwidget\" data-widget-id=\"1576712\">\r\n<\/div>\r\n<script>(function(w,q){w[q]=w[q]||[];w[q].push([\"_mgc.load\"])})(window,\"_mgq\");\r\n<\/script>\r\n\n<\/div>\n\n<p>Kjo fundjav\u00eb, sipas sinoptikanes Lajda Porja, do t\u00eb karakterizohet nga mot i paq\u00ebndruesh\u00ebm, ku nuk do t\u00eb mungojn\u00eb edhe reshjet e shiut.<\/p>\n\n\n\n<p>\u201cE shtuna do t\u2019i ket\u00eb m\u00ebshumti vran\u00ebsira dhe reshjet prezente, parashikohet q\u00eb t\u00eb jen\u00eb her\u00eb pas her\u00eb me rrebeshe, kryesisht n\u00eb zonat veriore, pjes\u00ebrisht n\u00eb qend\u00ebr dhe m\u00eb pak do t\u00eb ket\u00eb jugu.<\/p>\n\n\n\n<p>Nd\u00ebrkoh\u00eb dita e diel\u00eb do t\u00eb pak\u00ebsoj\u00eb ndjesh\u00ebm reshjet duke b\u00ebr\u00eb q\u00eb pjesa m\u00eb e madhe e ult\u00ebsir\u00ebs per\u00ebndimore t\u00eb ket\u00eb momente t\u00eb pikave t\u00eb shiut dhe reshjet e shiut t\u00eb izolohen kryesisht n\u00eb veri dhe veri-lindor\u201d, tha ajo.<\/p>\n\n\n\n<p>Temperaturat do t\u00eb jen\u00eb n\u00eb kufijt\u00eb e 25 grad\u00ebve gjat\u00eb s\u00eb shtun\u00ebs dhe t\u00eb diel\u00ebs ve\u00e7an\u00ebrisht n\u00eb zonat bregdetare.<\/p>\n\n\n\n<p>\u201cNes\u00ebr ka nj\u00eb r\u00ebnie t\u00eb leht\u00eb, t\u00eb pakt\u00ebn me 1 apo 2 grad\u00eb n\u00eb shum\u00eb zona ku zbret termometri n\u00eb 23 grad\u00eb dhe ngjitet s\u00ebrish dit\u00ebn e diel\u00eb me 25 grad\u00eb\u201d, tha sinoptikania e MeteoAlb, Lajda Porja.<\/p>\n\n\n\n<p>Java e ardhshme pritet t\u00eb ket\u00eb nj\u00eb p\u00ebrmir\u00ebsim t\u00eb kushteve atmosferike dhe rritje graduale t\u00eb temperaturave n\u00ebnvizojn\u00eb sinoptikan\u00ebt.<\/p>\n\n<div style=\"font-size: 0px; height: 0px; line-height: 0px; margin: 0; padding: 0; clear: both;\"><\/div>","protected":false},"excerpt":{"rendered":"<p>Kjo fundjav\u00eb, sipas sinoptikanes Lajda Porja, do t\u00eb karakterizohet nga mot i paq\u00ebndruesh\u00ebm, ku nuk do t\u00eb mungojn\u00eb edhe reshjet e shiut. \u201cE shtuna do t\u2019i ket\u00eb&#8230; <\/p>\n","protected":false},"author":1,"featured_media":0,"comment_status":"open","ping_status":"open","sticky":false,"template":"","format":"standard","meta":{"footnotes":""},"categories":[6],"tags":[],"class_list":["post-24495","post","type-post","status-publish","format-standard","hentry","category-lajme"],"_links":{"self":[{"href":"https:\/\/new.findnews5.com\/index.php?rest_route=\/wp\/v2\/posts\/24495","targetHints":{"allow":["GET"]}}],"collection":[{"href":"https:\/\/new.findnews5.com\/index.php?rest_route=\/wp\/v2\/posts"}],"about":[{"href":"https:\/\/new.findnews5.com\/index.php?rest_route=\/wp\/v2\/types\/post"}],"author":[{"embeddable":true,"href":"https:\/\/new.findnews5.com\/index.php?rest_route=\/wp\/v2\/users\/1"}],"replies":[{"embeddable":true,"href":"https:\/\/new.findnews5.com\/index.php?rest_route=%2Fwp%2Fv2%2Fcomments&post=24495"}],"version-history":[{"count":1,"href":"https:\/\/new.findnews5.com\/index.php?rest_route=\/wp\/v2\/posts\/24495\/revisions"}],"predecessor-version":[{"id":24496,"href":"https:\/\/new.findnews5.com\/index.php?rest_route=\/wp\/v2\/posts\/24495\/revisions\/24496"}],"wp:attachment":[{"href":"https:\/\/new.findnews5.com\/index.php?rest_route=%2Fwp%2Fv2%2Fmedia&parent=24495"}],"wp:term":[{"taxonomy":"category","embeddable":true,"href":"https:\/\/new.findnews5.com\/index.php?rest_route=%2Fwp%2Fv2%2Fcategories&post=24495"},{"taxonomy":"post_tag","embeddable":true,"href":"https:\/\/new.findnews5.com\/index.php?rest_route=%2Fwp%2Fv2%2Ftags&post=24495"}],"curies":[{"name":"wp","href":"https:\/\/api.w.org\/{rel}","templated":true}]}}