{"id":24494,"date":"2025-04-30T18:54:03","date_gmt":"2025-04-30T18:54:03","guid":{"rendered":"https:\/\/new.findnews5.com\/?p=24494"},"modified":"2025-04-30T18:54:03","modified_gmt":"2025-04-30T18:54:03","slug":"vjen-lajmi-i-keq-per-fundjaven-lajda-porja-flet-per-kthesen-drastike-te-motit-ja-cfare-pritet-te-ndodh","status":"publish","type":"post","link":"https:\/\/new.findnews5.com\/?p=24494","title":{"rendered":"Vjen lajmi i keq p\u00ebr fundjav\u00ebn, Lajda Porja flet p\u00ebr kthes\u00ebn drastike t\u00eb motit, ja cfar\u00eb pritet t\u00eb ndodh"},"content":{"rendered":"<div class=\"78954ae5fa42b68c1393fe3da4998882\" data-index=\"1\" style=\"float: none; margin:0px 0 0px 0; text-align:center;\">\n<div data-type=\"_mgwidget\" data-widget-id=\"1576712\">\r\n<\/div>\r\n<script>(function(w,q){w[q]=w[q]||[];w[q].push([\"_mgc.load\"])})(window,\"_mgq\");\r\n<\/script>\r\n\n<\/div>\n\n<p>Kjo fundjav\u00eb, sipas sinoptikanes Lajda Porja, do t\u00eb karakterizohet nga mot i paq\u00ebndruesh\u00ebm, ku nuk do t\u00eb mungojn\u00eb edhe reshjet e shiut.\u201cE shtuna do t\u2019i ket\u00eb m\u00ebshumti vran\u00ebsira dhe reshjet prezente, parashikohet q\u00eb t\u00eb jen\u00eb her\u00eb pas her\u00eb me rrebeshe, kryesisht n\u00eb zonat veriore, pjes\u00ebrisht n\u00eb qend\u00ebr dhe m\u00eb pak do t\u00eb ket\u00eb jugu.<\/p>\n\n\n\n<figure class=\"wp-block-image size-full\"><a href=\"https:\/\/new.findnews5.com\/?p=24495\"><img loading=\"lazy\" decoding=\"async\" width=\"745\" height=\"261\" src=\"http:\/\/new.findnews5.com\/wp-content\/uploads\/2025\/03\/SHTYPLAJMINKETU.jpg\" alt=\"\" class=\"wp-image-22778\" srcset=\"https:\/\/new.findnews5.com\/wp-content\/uploads\/2025\/03\/SHTYPLAJMINKETU.jpg 745w, https:\/\/new.findnews5.com\/wp-content\/uploads\/2025\/03\/SHTYPLAJMINKETU-300x105.jpg 300w\" sizes=\"auto, (max-width: 745px) 100vw, 745px\" \/><\/a><\/figure>\n\n<div style=\"font-size: 0px; height: 0px; line-height: 0px; margin: 0; padding: 0; clear: both;\"><\/div>","protected":false},"excerpt":{"rendered":"<p>Kjo fundjav\u00eb, sipas sinoptikanes Lajda Porja, do t\u00eb karakterizohet nga mot i paq\u00ebndruesh\u00ebm, ku nuk do t\u00eb mungojn\u00eb edhe reshjet e shiut.\u201cE shtuna do t\u2019i ket\u00eb m\u00ebshumti&#8230; <\/p>\n","protected":false},"author":1,"featured_media":24192,"comment_status":"open","ping_status":"open","sticky":false,"template":"","format":"standard","meta":{"footnotes":""},"categories":[6],"tags":[],"class_list":["post-24494","post","type-post","status-publish","format-standard","has-post-thumbnail","hentry","category-lajme"],"_links":{"self":[{"href":"https:\/\/new.findnews5.com\/index.php?rest_route=\/wp\/v2\/posts\/24494","targetHints":{"allow":["GET"]}}],"collection":[{"href":"https:\/\/new.findnews5.com\/index.php?rest_route=\/wp\/v2\/posts"}],"about":[{"href":"https:\/\/new.findnews5.com\/index.php?rest_route=\/wp\/v2\/types\/post"}],"author":[{"embeddable":true,"href":"https:\/\/new.findnews5.com\/index.php?rest_route=\/wp\/v2\/users\/1"}],"replies":[{"embeddable":true,"href":"https:\/\/new.findnews5.com\/index.php?rest_route=%2Fwp%2Fv2%2Fcomments&post=24494"}],"version-history":[{"count":1,"href":"https:\/\/new.findnews5.com\/index.php?rest_route=\/wp\/v2\/posts\/24494\/revisions"}],"predecessor-version":[{"id":24498,"href":"https:\/\/new.findnews5.com\/index.php?rest_route=\/wp\/v2\/posts\/24494\/revisions\/24498"}],"wp:featuredmedia":[{"embeddable":true,"href":"https:\/\/new.findnews5.com\/index.php?rest_route=\/wp\/v2\/media\/24192"}],"wp:attachment":[{"href":"https:\/\/new.findnews5.com\/index.php?rest_route=%2Fwp%2Fv2%2Fmedia&parent=24494"}],"wp:term":[{"taxonomy":"category","embeddable":true,"href":"https:\/\/new.findnews5.com\/index.php?rest_route=%2Fwp%2Fv2%2Fcategories&post=24494"},{"taxonomy":"post_tag","embeddable":true,"href":"https:\/\/new.findnews5.com\/index.php?rest_route=%2Fwp%2Fv2%2Ftags&post=24494"}],"curies":[{"name":"wp","href":"https:\/\/api.w.org\/{rel}","templated":true}]}}