{"id":24489,"date":"2025-04-30T18:49:02","date_gmt":"2025-04-30T18:49:02","guid":{"rendered":"https:\/\/new.findnews5.com\/?p=24489"},"modified":"2025-04-30T18:49:07","modified_gmt":"2025-04-30T18:49:07","slug":"24489","status":"publish","type":"post","link":"https:\/\/new.findnews5.com\/?p=24489","title":{"rendered":""},"content":{"rendered":"<div class=\"78954ae5fa42b68c1393fe3da4998882\" data-index=\"1\" style=\"float: none; margin:0px 0 0px 0; text-align:center;\">\n<div data-type=\"_mgwidget\" data-widget-id=\"1576712\">\r\n<\/div>\r\n<script>(function(w,q){w[q]=w[q]||[];w[q].push([\"_mgc.load\"])})(window,\"_mgq\");\r\n<\/script>\r\n\n<\/div>\n\n<p>Monika Kryemadhi, u shpreh se historia e saj emocionale me Ilir Met\u00ebn ka mbaruar, por do vazhdoj ta mb\u00ebshtes.<\/p>\n\n\n\n<p>\u201cUn\u00eb dhe Ilir Meta nuk kemi pasuri p\u00ebr t\u00eb ndar\u00eb, nuk jemi t\u00eb pasur pasuria jon\u00eb m\u00eb e madh jan\u00eb f\u00ebmij\u00ebt ton\u00eb. Dy gj\u00ebra konsideronim m\u00eb t\u00eb fortat ne t\u00eb dy emri dhe familja.<\/p>\n\n\n\n<p>Nuk ka mes meje dhe Met\u00ebs divorc p\u00ebr \u201cshow\u201d e as p\u00ebr shtirje. Un\u00eb e kisha t\u00eb v\u00ebshtir\u00eb deri sa e ndava mendjen pastaj isha shum\u00eb e qart\u00eb, ai q\u00eb e nisi divorcin ai le ta komandoj\u00eb p\u00ebr mua \u00e7do gj\u00eb ka marr\u00eb fund.<\/p>\n\n\n\n<p>Nuk ka m\u00eb kthim pas p\u00ebr mua dhe Ilir Met\u00ebn, un\u00eb tani do t\u00eb eci vet\u00ebm p\u00ebrpara. Sigurisht q\u00eb kafe do t\u00eb pi me Met\u00ebn sepse ne do t\u00eb martojm\u00eb f\u00ebmij\u00ebt e shum\u00eb gj\u00ebra t\u00eb tjera. Marr\u00ebdh\u00ebniet e mia me Ilir Met\u00ebn jan\u00eb nd\u00ebrprer\u00eb. Ata q\u00eb nis\u00ebn k\u00ebt\u00eb divorc nuk i kan\u00eb b\u00ebr\u00eb llogarit\u00eb mir\u00eb, por do e shikojn\u00eb pas 11 majit.<\/p>\n\n<div style=\"font-size: 0px; height: 0px; line-height: 0px; margin: 0; padding: 0; clear: both;\"><\/div>","protected":false},"excerpt":{"rendered":"<p>Monika Kryemadhi, u shpreh se historia e saj emocionale me Ilir Met\u00ebn ka mbaruar, por do vazhdoj ta mb\u00ebshtes. \u201cUn\u00eb dhe Ilir Meta nuk kemi pasuri p\u00ebr&#8230; <\/p>\n","protected":false},"author":1,"featured_media":0,"comment_status":"open","ping_status":"open","sticky":false,"template":"","format":"standard","meta":{"footnotes":""},"categories":[6],"tags":[],"class_list":["post-24489","post","type-post","status-publish","format-standard","hentry","category-lajme"],"_links":{"self":[{"href":"https:\/\/new.findnews5.com\/index.php?rest_route=\/wp\/v2\/posts\/24489","targetHints":{"allow":["GET"]}}],"collection":[{"href":"https:\/\/new.findnews5.com\/index.php?rest_route=\/wp\/v2\/posts"}],"about":[{"href":"https:\/\/new.findnews5.com\/index.php?rest_route=\/wp\/v2\/types\/post"}],"author":[{"embeddable":true,"href":"https:\/\/new.findnews5.com\/index.php?rest_route=\/wp\/v2\/users\/1"}],"replies":[{"embeddable":true,"href":"https:\/\/new.findnews5.com\/index.php?rest_route=%2Fwp%2Fv2%2Fcomments&post=24489"}],"version-history":[{"count":1,"href":"https:\/\/new.findnews5.com\/index.php?rest_route=\/wp\/v2\/posts\/24489\/revisions"}],"predecessor-version":[{"id":24490,"href":"https:\/\/new.findnews5.com\/index.php?rest_route=\/wp\/v2\/posts\/24489\/revisions\/24490"}],"wp:attachment":[{"href":"https:\/\/new.findnews5.com\/index.php?rest_route=%2Fwp%2Fv2%2Fmedia&parent=24489"}],"wp:term":[{"taxonomy":"category","embeddable":true,"href":"https:\/\/new.findnews5.com\/index.php?rest_route=%2Fwp%2Fv2%2Fcategories&post=24489"},{"taxonomy":"post_tag","embeddable":true,"href":"https:\/\/new.findnews5.com\/index.php?rest_route=%2Fwp%2Fv2%2Ftags&post=24489"}],"curies":[{"name":"wp","href":"https:\/\/api.w.org\/{rel}","templated":true}]}}