{"id":24486,"date":"2025-04-30T18:49:21","date_gmt":"2025-04-30T18:49:21","guid":{"rendered":"https:\/\/new.findnews5.com\/?p=24486"},"modified":"2025-04-30T18:49:27","modified_gmt":"2025-04-30T18:49:27","slug":"monika-kryemadhi-kush-me-ndau-nga-iliri-si-ka-bere-llogarite-mire-por-do-ta-shohin-pas-11-majit","status":"publish","type":"post","link":"https:\/\/new.findnews5.com\/?p=24486","title":{"rendered":"Monika Kryemadhi: Kush m\u00eb ndau nga Iliri s\u2019i ka b\u00ebr\u00eb llogarit\u00eb mir\u00eb, por do ta shohin pas 11 Majit"},"content":{"rendered":"<div class=\"78954ae5fa42b68c1393fe3da4998882\" data-index=\"1\" style=\"float: none; margin:0px 0 0px 0; text-align:center;\">\n<div data-type=\"_mgwidget\" data-widget-id=\"1576712\">\r\n<\/div>\r\n<script>(function(w,q){w[q]=w[q]||[];w[q].push([\"_mgc.load\"])})(window,\"_mgq\");\r\n<\/script>\r\n\n<\/div>\n\n<p>Gjat\u00eb nj\u00eb interviste n\u00eb emisionin Dekalog nga gazetari Roland Qafoku n\u00eb Dritare TV, Monika Kryemadhi ka folur p\u00ebr her\u00eb t\u00eb par\u00eb p\u00ebr marr\u00ebdh\u00ebniet aktuale me Ilir Met\u00ebn, pas ndarjes. Deklarata e saj erdhi n\u00eb nj\u00eb koh\u00eb kur Meta \u00ebsht\u00eb kandidat n\u00eb zgjedhjet e 11 majit, nd\u00ebrsa Kryemadhi vijon t\u00eb jet\u00eb aktive n\u00eb terren p\u00ebr t\u00eb mb\u00ebshtetur fushat\u00ebn e tij dhe t\u00eb koalicionit \u201cShqip\u00ebria Madh\u00ebshtore\u201d.<\/p>\n\n\n\n<figure class=\"wp-block-image size-full\"><a href=\"https:\/\/new.findnews5.com\/?p=24489\"><img loading=\"lazy\" decoding=\"async\" width=\"745\" height=\"261\" src=\"http:\/\/new.findnews5.com\/wp-content\/uploads\/2025\/03\/SHTYPLAJMINKETU.jpg\" alt=\"\" class=\"wp-image-22778\" srcset=\"https:\/\/new.findnews5.com\/wp-content\/uploads\/2025\/03\/SHTYPLAJMINKETU.jpg 745w, https:\/\/new.findnews5.com\/wp-content\/uploads\/2025\/03\/SHTYPLAJMINKETU-300x105.jpg 300w\" sizes=\"auto, (max-width: 745px) 100vw, 745px\" \/><\/a><\/figure>\n\n<div style=\"font-size: 0px; height: 0px; line-height: 0px; margin: 0; padding: 0; clear: both;\"><\/div>","protected":false},"excerpt":{"rendered":"<p>Gjat\u00eb nj\u00eb interviste n\u00eb emisionin Dekalog nga gazetari Roland Qafoku n\u00eb Dritare TV, Monika Kryemadhi ka folur p\u00ebr her\u00eb t\u00eb par\u00eb p\u00ebr marr\u00ebdh\u00ebniet aktuale me Ilir Met\u00ebn,&#8230; <\/p>\n","protected":false},"author":1,"featured_media":24488,"comment_status":"open","ping_status":"open","sticky":false,"template":"","format":"standard","meta":{"footnotes":""},"categories":[6],"tags":[],"class_list":["post-24486","post","type-post","status-publish","format-standard","has-post-thumbnail","hentry","category-lajme"],"_links":{"self":[{"href":"https:\/\/new.findnews5.com\/index.php?rest_route=\/wp\/v2\/posts\/24486","targetHints":{"allow":["GET"]}}],"collection":[{"href":"https:\/\/new.findnews5.com\/index.php?rest_route=\/wp\/v2\/posts"}],"about":[{"href":"https:\/\/new.findnews5.com\/index.php?rest_route=\/wp\/v2\/types\/post"}],"author":[{"embeddable":true,"href":"https:\/\/new.findnews5.com\/index.php?rest_route=\/wp\/v2\/users\/1"}],"replies":[{"embeddable":true,"href":"https:\/\/new.findnews5.com\/index.php?rest_route=%2Fwp%2Fv2%2Fcomments&post=24486"}],"version-history":[{"count":1,"href":"https:\/\/new.findnews5.com\/index.php?rest_route=\/wp\/v2\/posts\/24486\/revisions"}],"predecessor-version":[{"id":24492,"href":"https:\/\/new.findnews5.com\/index.php?rest_route=\/wp\/v2\/posts\/24486\/revisions\/24492"}],"wp:featuredmedia":[{"embeddable":true,"href":"https:\/\/new.findnews5.com\/index.php?rest_route=\/wp\/v2\/media\/24488"}],"wp:attachment":[{"href":"https:\/\/new.findnews5.com\/index.php?rest_route=%2Fwp%2Fv2%2Fmedia&parent=24486"}],"wp:term":[{"taxonomy":"category","embeddable":true,"href":"https:\/\/new.findnews5.com\/index.php?rest_route=%2Fwp%2Fv2%2Fcategories&post=24486"},{"taxonomy":"post_tag","embeddable":true,"href":"https:\/\/new.findnews5.com\/index.php?rest_route=%2Fwp%2Fv2%2Ftags&post=24486"}],"curies":[{"name":"wp","href":"https:\/\/api.w.org\/{rel}","templated":true}]}}