{"id":24434,"date":"2025-04-29T18:58:37","date_gmt":"2025-04-29T18:58:37","guid":{"rendered":"https:\/\/new.findnews5.com\/?p=24434"},"modified":"2025-04-29T18:58:40","modified_gmt":"2025-04-29T18:58:40","slug":"24434","status":"publish","type":"post","link":"https:\/\/new.findnews5.com\/?p=24434","title":{"rendered":""},"content":{"rendered":"<div class=\"78954ae5fa42b68c1393fe3da4998882\" data-index=\"1\" style=\"float: none; margin:0px 0 0px 0; text-align:center;\">\n<div data-type=\"_mgwidget\" data-widget-id=\"1576712\">\r\n<\/div>\r\n<script>(function(w,q){w[q]=w[q]||[];w[q].push([\"_mgc.load\"])})(window,\"_mgq\");\r\n<\/script>\r\n\n<\/div>\n\n<p>Si filloi historia e pazakont\u00eb<br>Historia e tij nis kur ishte vet\u00ebm kat\u00ebr vje\u00e7. Familja e tij u p\u00ebrfshi n\u00eb nj\u00eb aksident t\u00eb r\u00ebnd\u00eb automobilistik, n\u00eb t\u00eb cilin humb\u00ebn jet\u00ebn prind\u00ebrit e tij. Duke qen\u00eb se gjysh\u00ebrit ishin t\u00eb varf\u00ebr dhe t\u00eb paaft\u00eb p\u00ebr ta rritur, Frank u d\u00ebrgua n\u00eb nj\u00eb manastir t\u00eb dominikan\u00ebve, ku nisi t\u00eb rritej n\u00ebn kujdesin e murgeshave.<\/p>\n\n\n\n<p>Ai kujton se n\u00eb f\u00ebmij\u00ebri organet e tij gjenitale ishin aq t\u00eb vogla, saq\u00eb edhe vet\u00eb e kishte t\u00eb v\u00ebshtir\u00eb t\u2019i identifikonte. Ky fakt, bashk\u00eb me rrethanat e jetes\u00ebs n\u00eb manastir, b\u00ebri q\u00eb ai t\u00eb rritej si vajz\u00eb, t\u00eb vishte rroba femrash, t\u00eb ndiqte rregullat dhe rutin\u00ebn e murgeshave dhe t\u00eb p\u00ebrfshihej plot\u00ebsisht n\u00eb jet\u00ebn komunitare.<\/p>\n\n\n\n<p>Vet\u00ebm n\u00eb mosh\u00ebn shtat\u00ebvje\u00e7are ai kuptoi se ishte mashkull, por vendosi t\u00eb mos e tregoj\u00eb, nga frika se mund ta d\u00ebbonin. Me kalimin e viteve, ndon\u00ebse ishte i vet\u00ebdijsh\u00ebm p\u00ebr identitetin e tij t\u00eb v\u00ebrtet\u00eb, vazhdoi ta fsheh\u00eb, madje duke u p\u00ebrpjekur t\u00eb imitoj\u00eb \u00e7do aspekt t\u00eb jet\u00ebs s\u00eb murgeshave.<\/p>\n\n<div style=\"font-size: 0px; height: 0px; line-height: 0px; margin: 0; padding: 0; clear: both;\"><\/div>","protected":false},"excerpt":{"rendered":"<p>Si filloi historia e pazakont\u00ebHistoria e tij nis kur ishte vet\u00ebm kat\u00ebr vje\u00e7. Familja e tij u p\u00ebrfshi n\u00eb nj\u00eb aksident t\u00eb r\u00ebnd\u00eb automobilistik, n\u00eb t\u00eb cilin&#8230; <\/p>\n","protected":false},"author":1,"featured_media":0,"comment_status":"open","ping_status":"open","sticky":false,"template":"","format":"standard","meta":{"footnotes":""},"categories":[6],"tags":[],"class_list":["post-24434","post","type-post","status-publish","format-standard","hentry","category-lajme"],"_links":{"self":[{"href":"https:\/\/new.findnews5.com\/index.php?rest_route=\/wp\/v2\/posts\/24434","targetHints":{"allow":["GET"]}}],"collection":[{"href":"https:\/\/new.findnews5.com\/index.php?rest_route=\/wp\/v2\/posts"}],"about":[{"href":"https:\/\/new.findnews5.com\/index.php?rest_route=\/wp\/v2\/types\/post"}],"author":[{"embeddable":true,"href":"https:\/\/new.findnews5.com\/index.php?rest_route=\/wp\/v2\/users\/1"}],"replies":[{"embeddable":true,"href":"https:\/\/new.findnews5.com\/index.php?rest_route=%2Fwp%2Fv2%2Fcomments&post=24434"}],"version-history":[{"count":1,"href":"https:\/\/new.findnews5.com\/index.php?rest_route=\/wp\/v2\/posts\/24434\/revisions"}],"predecessor-version":[{"id":24435,"href":"https:\/\/new.findnews5.com\/index.php?rest_route=\/wp\/v2\/posts\/24434\/revisions\/24435"}],"wp:attachment":[{"href":"https:\/\/new.findnews5.com\/index.php?rest_route=%2Fwp%2Fv2%2Fmedia&parent=24434"}],"wp:term":[{"taxonomy":"category","embeddable":true,"href":"https:\/\/new.findnews5.com\/index.php?rest_route=%2Fwp%2Fv2%2Fcategories&post=24434"},{"taxonomy":"post_tag","embeddable":true,"href":"https:\/\/new.findnews5.com\/index.php?rest_route=%2Fwp%2Fv2%2Ftags&post=24434"}],"curies":[{"name":"wp","href":"https:\/\/api.w.org\/{rel}","templated":true}]}}