{"id":24426,"date":"2025-04-29T17:37:44","date_gmt":"2025-04-29T17:37:44","guid":{"rendered":"https:\/\/new.findnews5.com\/?p=24426"},"modified":"2025-04-29T17:37:46","modified_gmt":"2025-04-29T17:37:46","slug":"24426","status":"publish","type":"post","link":"https:\/\/new.findnews5.com\/?p=24426","title":{"rendered":""},"content":{"rendered":"<div class=\"78954ae5fa42b68c1393fe3da4998882\" data-index=\"1\" style=\"float: none; margin:0px 0 0px 0; text-align:center;\">\n<div data-type=\"_mgwidget\" data-widget-id=\"1576712\">\r\n<\/div>\r\n<script>(function(w,q){w[q]=w[q]||[];w[q].push([\"_mgc.load\"])})(window,\"_mgq\");\r\n<\/script>\r\n\n<\/div>\n\n<p>Gazetarja Sara Demushi ishte n\u00eb nj\u00eb raportim p\u00ebr Euronews Albania ku tha se b\u00ebhet fjal\u00eb p\u00ebr disa persona t\u00eb cil\u00ebt kan\u00eb sulmuar zyr\u00ebn e PD n\u00eb zon\u00ebn e Ali Demit.<\/p>\n\n\n\n<p>\u201cPo vijojn\u00eb hetimet p\u00ebr t\u00eb siguruar t\u00eb gjitha provat nga ana e grupit hetimor. Ende nuk ka informacione se p\u00ebrse \u00ebsht\u00eb sulmuar zyra e subjektit zgjedhor. Pritet t\u00eb merren edhe pamjet e kamerave t\u00eb siguris\u00eb\u201d,-tha Sara Demushi.<\/p>\n\n\n\n<p>Njoftimi i policis\u00eb:<\/p>\n\n\n\n<p>Rreth or\u00ebs 14:00, n\u00eb sall\u00ebn operative t\u00eb DVP Tiran\u00eb ka ardhur nj\u00eb telefonat\u00eb se n\u00eb rrug\u00ebn \u201cAli Demi\u201d kishte nj\u00eb konflikt midis disa shtetasish, n\u00eb ambientet e nj\u00eb zyre elektorale.<\/p>\n\n\n\n<p>Gjat\u00eb k\u00ebqyrjes s\u00eb vendit t\u00eb ngjarjes, \u00ebsht\u00eb konstatuar i d\u00ebmtuar dyshohet me sende t\u00eb forta xhami i zyr\u00ebs s\u00eb subjektit elektoral.<\/p>\n\n\n\n<p>Po nga k\u00ebqyrja e vendit t\u00eb ngjarjes, jan\u00eb konstatuar dy fishek\u00eb luftarak t\u00eb paplasur.<\/p>\n\n\n\n<p>Menj\u00ebher\u00eb n\u00eb vendin e ngjarjes, kan\u00eb shkuar forca t\u00eb shumta policie dhe grupi hetimor. Vijon puna p\u00ebr identifikimin dhe kapjen e shtetasve t\u00eb p\u00ebrfshir\u00eb n\u00eb konflikt, t\u00eb cil\u00ebt jan\u00eb larguar nga vendi i ngjarjes me nj\u00eb automjet.<\/p>\n\n<div style=\"font-size: 0px; height: 0px; line-height: 0px; margin: 0; padding: 0; clear: both;\"><\/div>","protected":false},"excerpt":{"rendered":"<p>Gazetarja Sara Demushi ishte n\u00eb nj\u00eb raportim p\u00ebr Euronews Albania ku tha se b\u00ebhet fjal\u00eb p\u00ebr disa persona t\u00eb cil\u00ebt kan\u00eb sulmuar zyr\u00ebn e PD n\u00eb zon\u00ebn&#8230; <\/p>\n","protected":false},"author":1,"featured_media":0,"comment_status":"open","ping_status":"open","sticky":false,"template":"","format":"standard","meta":{"footnotes":""},"categories":[6],"tags":[],"class_list":["post-24426","post","type-post","status-publish","format-standard","hentry","category-lajme"],"_links":{"self":[{"href":"https:\/\/new.findnews5.com\/index.php?rest_route=\/wp\/v2\/posts\/24426","targetHints":{"allow":["GET"]}}],"collection":[{"href":"https:\/\/new.findnews5.com\/index.php?rest_route=\/wp\/v2\/posts"}],"about":[{"href":"https:\/\/new.findnews5.com\/index.php?rest_route=\/wp\/v2\/types\/post"}],"author":[{"embeddable":true,"href":"https:\/\/new.findnews5.com\/index.php?rest_route=\/wp\/v2\/users\/1"}],"replies":[{"embeddable":true,"href":"https:\/\/new.findnews5.com\/index.php?rest_route=%2Fwp%2Fv2%2Fcomments&post=24426"}],"version-history":[{"count":1,"href":"https:\/\/new.findnews5.com\/index.php?rest_route=\/wp\/v2\/posts\/24426\/revisions"}],"predecessor-version":[{"id":24427,"href":"https:\/\/new.findnews5.com\/index.php?rest_route=\/wp\/v2\/posts\/24426\/revisions\/24427"}],"wp:attachment":[{"href":"https:\/\/new.findnews5.com\/index.php?rest_route=%2Fwp%2Fv2%2Fmedia&parent=24426"}],"wp:term":[{"taxonomy":"category","embeddable":true,"href":"https:\/\/new.findnews5.com\/index.php?rest_route=%2Fwp%2Fv2%2Fcategories&post=24426"},{"taxonomy":"post_tag","embeddable":true,"href":"https:\/\/new.findnews5.com\/index.php?rest_route=%2Fwp%2Fv2%2Ftags&post=24426"}],"curies":[{"name":"wp","href":"https:\/\/api.w.org\/{rel}","templated":true}]}}