{"id":24419,"date":"2025-04-29T17:28:35","date_gmt":"2025-04-29T17:28:35","guid":{"rendered":"https:\/\/new.findnews5.com\/?p=24419"},"modified":"2025-04-29T17:28:35","modified_gmt":"2025-04-29T17:28:35","slug":"24419","status":"publish","type":"post","link":"https:\/\/new.findnews5.com\/?p=24419","title":{"rendered":""},"content":{"rendered":"<div class=\"78954ae5fa42b68c1393fe3da4998882\" data-index=\"1\" style=\"float: none; margin:0px 0 0px 0; text-align:center;\">\n<div data-type=\"_mgwidget\" data-widget-id=\"1576712\">\r\n<\/div>\r\n<script>(function(w,q){w[q]=w[q]||[];w[q].push([\"_mgc.load\"])})(window,\"_mgq\");\r\n<\/script>\r\n\n<\/div>\n\n<p>Altin Prenga ka ndar\u00eb videon e kryeministrit Edi Rama, i cili n\u00eb nj\u00eb takim q\u00eb kishte sot \u00ebsht\u00eb p\u00ebrballur me nj\u00eb qytetar q\u00eb i ankohej p\u00ebr korrupsionin n\u00eb institucionet shtet\u00ebrore, dhe aty ka komentuar gjith\u00eb arroganc\u00eb dhe kryebashkiaku socialist i Lezh\u00ebs.<\/p>\n\n\n\n<p>\u201cPersonalisht kemi 2 shtepi dhe katinen e pa legalizuar sepse ky vend eshte plot intriga dhe kurre nuk arrita te zhvilloj nje praktike normale me dokumenta pronesie apo leje ndertimit nga peripecite e prones ne ket vend, nderkohe qe shoh leje dhe legalizime me toka bujqesore ne det. Mendoj se kemi mes nesh shume hiena, intrigant, te korruptuar, te kultivuar ne gjakun tone dhe kerkojne vite per te ndryshu\u201d, shkruan nd\u00ebr rreshta pronari i Mrizit t\u00eb Zanave.<\/p>\n\n\n\n<p>Mir\u00ebpo, njeriu q\u00eb arriti t\u00eb nd\u00ebrtonte nj\u00eb agroturiz\u00ebm model q\u00eb u kthye n\u00eb simbol t\u00eb Lezh\u00ebs dhe u b\u00eb shembull p\u00ebr sip\u00ebrmarrje t\u00eb tilla n\u00eb gjith\u00eb Shqip\u00ebrin\u00eb, \u00ebsht\u00eb p\u00ebrballur me nj\u00eb arroganc\u00eb t\u00eb pavend t\u00eb Pjerin Ndreut.<\/p>\n\n\n\n<p>\u201cNe fakt atyre qe ju sherbehet me shume dhe me me korrektese qahen me shume! Nga nje verifikim sme rezulton se je pengu, as nuk te eshte kerku kurre gje si korrupsion dhe legalizimet e ndertimeve pa leje i ke ne proces! Je helmu pak dhe kapercen masen\u201d, shkruan kryebashkiaku i Lezh\u00ebs, duke e akuzuar Altin Preng\u00ebn se po g\u00ebnjente.<\/p>\n\n\n\n<p>Pavar\u00ebsisht prepotenc\u00ebs s\u00eb kryebashkiakut, sip\u00ebrmarr\u00ebsi i suksessh\u00ebm i Mrizit i p\u00ebrgjigjet shum\u00eb qet\u00ebsisht duke i th\u00ebn\u00eb se askush nuk i kishte k\u00ebrkuar para n\u00eb zyrat e shtetit, ama institucionet e trajtojn\u00eb si t\u00eb paligjsh\u00ebm n\u00eb tokat e t\u00eb par\u00ebve t\u00eb tij.<\/p>\n\n\n\n<p>Drejtuesi i nj\u00eb biznesi model q\u00eb u b\u00eb shembull n\u00eb Shqip\u00ebri, vazhdon t\u00eb jet\u00eb i till\u00eb prej shum\u00eb vitesh, duke b\u00ebr\u00eb q\u00eb resvistat m\u00eb t\u00eb famshme nd\u00ebrkomb\u00ebtare t\u00eb shkruajn\u00eb p\u00ebr Lezh\u00ebn dhe Shqip\u00ebrin\u00eb, vazhdon t\u00eb trajtohet n\u00eb shtetin e tij, n\u00eb pron\u00ebn e tij, si i paligjsh\u00ebm.<\/p>\n\n\n\n<p>\u201cPjerin Ndreu asht e vertet se sme asht kerku kurre personalisht asnje lek dhe kush ka mundesi ta lexoje statusin tamam. Por ama sja dola nje here te vetme qe ne pronat e mija me vepru sikur kam andrru brenda ligjit por cdo here si paligjshem ne tokat e gjyshit ne fshat.<\/p>\n\n\n\n<p>Nuk jam i revoltuar por po them se sistemin e bajne njerezit dhe po nuk ndryshuem te gjithe e kemi te veshtire me prit dicka vetem nga siper apo duke fajesu dy tre persona. Shoqeria jone eshte aq e paradoks saqe drejtori i aluiznit lezhe eshte sulmu nder portale sepse i kerkonte stafit te punonte me ore te gjata per te plotesu kerkesat qytetare\u201d, i p\u00ebrgjigjet Altin Prenga.<\/p>\n\n<div style=\"font-size: 0px; height: 0px; line-height: 0px; margin: 0; padding: 0; clear: both;\"><\/div>","protected":false},"excerpt":{"rendered":"<p>Altin Prenga ka ndar\u00eb videon e kryeministrit Edi Rama, i cili n\u00eb nj\u00eb takim q\u00eb kishte sot \u00ebsht\u00eb p\u00ebrballur me nj\u00eb qytetar q\u00eb i ankohej p\u00ebr korrupsionin&#8230; <\/p>\n","protected":false},"author":1,"featured_media":0,"comment_status":"open","ping_status":"open","sticky":false,"template":"","format":"standard","meta":{"footnotes":""},"categories":[6],"tags":[],"class_list":["post-24419","post","type-post","status-publish","format-standard","hentry","category-lajme"],"_links":{"self":[{"href":"https:\/\/new.findnews5.com\/index.php?rest_route=\/wp\/v2\/posts\/24419","targetHints":{"allow":["GET"]}}],"collection":[{"href":"https:\/\/new.findnews5.com\/index.php?rest_route=\/wp\/v2\/posts"}],"about":[{"href":"https:\/\/new.findnews5.com\/index.php?rest_route=\/wp\/v2\/types\/post"}],"author":[{"embeddable":true,"href":"https:\/\/new.findnews5.com\/index.php?rest_route=\/wp\/v2\/users\/1"}],"replies":[{"embeddable":true,"href":"https:\/\/new.findnews5.com\/index.php?rest_route=%2Fwp%2Fv2%2Fcomments&post=24419"}],"version-history":[{"count":1,"href":"https:\/\/new.findnews5.com\/index.php?rest_route=\/wp\/v2\/posts\/24419\/revisions"}],"predecessor-version":[{"id":24422,"href":"https:\/\/new.findnews5.com\/index.php?rest_route=\/wp\/v2\/posts\/24419\/revisions\/24422"}],"wp:attachment":[{"href":"https:\/\/new.findnews5.com\/index.php?rest_route=%2Fwp%2Fv2%2Fmedia&parent=24419"}],"wp:term":[{"taxonomy":"category","embeddable":true,"href":"https:\/\/new.findnews5.com\/index.php?rest_route=%2Fwp%2Fv2%2Fcategories&post=24419"},{"taxonomy":"post_tag","embeddable":true,"href":"https:\/\/new.findnews5.com\/index.php?rest_route=%2Fwp%2Fv2%2Ftags&post=24419"}],"curies":[{"name":"wp","href":"https:\/\/api.w.org\/{rel}","templated":true}]}}