{"id":24393,"date":"2025-04-29T09:46:52","date_gmt":"2025-04-29T09:46:52","guid":{"rendered":"https:\/\/new.findnews5.com\/?p=24393"},"modified":"2025-04-29T09:46:56","modified_gmt":"2025-04-29T09:46:56","slug":"frike-per-lufte-berthamore-dy-fuqi-boterore-po-shkembejne-zjarr-prej-4-ditesh","status":"publish","type":"post","link":"https:\/\/new.findnews5.com\/?p=24393","title":{"rendered":"Frik\u00eb p\u00ebr luft\u00eb b\u00ebrthamore, dy fuqi bot\u00ebrore po shk\u00ebmbejn\u00eb zjarr prej 4 dit\u00ebsh"},"content":{"rendered":"<div class=\"78954ae5fa42b68c1393fe3da4998882\" data-index=\"1\" style=\"float: none; margin:0px 0 0px 0; text-align:center;\">\n<div data-type=\"_mgwidget\" data-widget-id=\"1576712\">\r\n<\/div>\r\n<script>(function(w,q){w[q]=w[q]||[];w[q].push([\"_mgc.load\"])})(window,\"_mgq\");\r\n<\/script>\r\n\n<\/div>\n\n<p>Tensionet mes Indis\u00eb dhe Pakistanit kan\u00eb arritur nivele alarmante pasi ministri i Mbrojtjes i Pakistanit, Kha\u00ebaja Muhammad Asif, deklaroi se nj\u00eb inkursion ushtarak indian n\u00eb territorin pakistanez \u00ebsht\u00eb \u201ci af\u00ebrt\u201d. <br>N\u00eb nj\u00eb intervist\u00eb p\u00ebr Reuters, Asif tha se forcat pakistaneze jan\u00eb p\u00ebrforcuar ndjesh\u00ebm n\u00eb Kashmir, p\u00ebr t\u00eb p\u00ebrballuar \u00e7do sulm t\u00eb mundsh\u00ebm.<\/p>\n\n\n\n<figure class=\"wp-block-image size-full\"><a href=\"https:\/\/new.findnews5.com\/?p=24394\"><img loading=\"lazy\" decoding=\"async\" width=\"745\" height=\"261\" src=\"http:\/\/new.findnews5.com\/wp-content\/uploads\/2025\/03\/SHTYPLAJMINKETU.jpg\" alt=\"\" class=\"wp-image-22778\" srcset=\"https:\/\/new.findnews5.com\/wp-content\/uploads\/2025\/03\/SHTYPLAJMINKETU.jpg 745w, https:\/\/new.findnews5.com\/wp-content\/uploads\/2025\/03\/SHTYPLAJMINKETU-300x105.jpg 300w\" sizes=\"auto, (max-width: 745px) 100vw, 745px\" \/><\/a><\/figure>\n\n<div style=\"font-size: 0px; height: 0px; line-height: 0px; margin: 0; padding: 0; clear: both;\"><\/div>","protected":false},"excerpt":{"rendered":"<p>Tensionet mes Indis\u00eb dhe Pakistanit kan\u00eb arritur nivele alarmante pasi ministri i Mbrojtjes i Pakistanit, Kha\u00ebaja Muhammad Asif, deklaroi se nj\u00eb inkursion ushtarak indian n\u00eb territorin pakistanez&#8230; <\/p>\n","protected":false},"author":1,"featured_media":24395,"comment_status":"open","ping_status":"open","sticky":false,"template":"","format":"standard","meta":{"footnotes":""},"categories":[6],"tags":[],"class_list":["post-24393","post","type-post","status-publish","format-standard","has-post-thumbnail","hentry","category-lajme"],"_links":{"self":[{"href":"https:\/\/new.findnews5.com\/index.php?rest_route=\/wp\/v2\/posts\/24393","targetHints":{"allow":["GET"]}}],"collection":[{"href":"https:\/\/new.findnews5.com\/index.php?rest_route=\/wp\/v2\/posts"}],"about":[{"href":"https:\/\/new.findnews5.com\/index.php?rest_route=\/wp\/v2\/types\/post"}],"author":[{"embeddable":true,"href":"https:\/\/new.findnews5.com\/index.php?rest_route=\/wp\/v2\/users\/1"}],"replies":[{"embeddable":true,"href":"https:\/\/new.findnews5.com\/index.php?rest_route=%2Fwp%2Fv2%2Fcomments&post=24393"}],"version-history":[{"count":1,"href":"https:\/\/new.findnews5.com\/index.php?rest_route=\/wp\/v2\/posts\/24393\/revisions"}],"predecessor-version":[{"id":24398,"href":"https:\/\/new.findnews5.com\/index.php?rest_route=\/wp\/v2\/posts\/24393\/revisions\/24398"}],"wp:featuredmedia":[{"embeddable":true,"href":"https:\/\/new.findnews5.com\/index.php?rest_route=\/wp\/v2\/media\/24395"}],"wp:attachment":[{"href":"https:\/\/new.findnews5.com\/index.php?rest_route=%2Fwp%2Fv2%2Fmedia&parent=24393"}],"wp:term":[{"taxonomy":"category","embeddable":true,"href":"https:\/\/new.findnews5.com\/index.php?rest_route=%2Fwp%2Fv2%2Fcategories&post=24393"},{"taxonomy":"post_tag","embeddable":true,"href":"https:\/\/new.findnews5.com\/index.php?rest_route=%2Fwp%2Fv2%2Ftags&post=24393"}],"curies":[{"name":"wp","href":"https:\/\/api.w.org\/{rel}","templated":true}]}}