{"id":24380,"date":"2025-04-29T09:35:53","date_gmt":"2025-04-29T09:35:53","guid":{"rendered":"https:\/\/new.findnews5.com\/?p=24380"},"modified":"2025-04-29T09:35:57","modified_gmt":"2025-04-29T09:35:57","slug":"komisionerja-kos-deshtim-nese-shqiperia-nuk-anetaresohet-brenda-mandatit-tim","status":"publish","type":"post","link":"https:\/\/new.findnews5.com\/?p=24380","title":{"rendered":"Komisionerja Kos: D\u00ebshtim n\u00ebse Shqip\u00ebria nuk an\u00ebtar\u00ebsohet brenda mandatit tim"},"content":{"rendered":"<div class=\"78954ae5fa42b68c1393fe3da4998882\" data-index=\"1\" style=\"float: none; margin:0px 0 0px 0; text-align:center;\">\n<div data-type=\"_mgwidget\" data-widget-id=\"1576712\">\r\n<\/div>\r\n<script>(function(w,q){w[q]=w[q]||[];w[q].push([\"_mgc.load\"])})(window,\"_mgq\");\r\n<\/script>\r\n\n<\/div>\n<p>Komisionerja e Bashkimit Evropian p\u00ebr Zgjerim, Marta Kos, shprehet e bindur se gjat\u00eb mandatit t\u00eb saj do t\u00eb ket\u00eb an\u00ebtar\u00eb t\u00eb rinj n\u00eb Bashkimin Evropian.<\/p>\n<p>E kund\u00ebrta p\u00ebr t\u00eb do t\u00eb ishte d\u00ebshtim, nd\u00ebrsa mendon se an\u00ebtar\u00ebt e rinj do t\u00eb jen\u00eb Shqip\u00ebria dhe Mali i Zi. \u201cMund t\u00eb p\u00ebrfundojm\u00eb me Malin e Zi [si an\u00ebtar] deri n\u00eb fund t\u00eb vitit 2026, dhe me Shqip\u00ebrin\u00eb [si an\u00ebtar] deri n\u00eb fund t\u00eb vitit 2027\u201d.<\/p>\n\n\n<figure class=\"wp-block-image size-full\"><a href=\"https:\/\/new.findnews5.com\/?p=24379\"><img loading=\"lazy\" decoding=\"async\" width=\"745\" height=\"261\" src=\"http:\/\/new.findnews5.com\/wp-content\/uploads\/2025\/03\/SHTYPLAJMINKETU.jpg\" alt=\"\" class=\"wp-image-22778\" srcset=\"https:\/\/new.findnews5.com\/wp-content\/uploads\/2025\/03\/SHTYPLAJMINKETU.jpg 745w, https:\/\/new.findnews5.com\/wp-content\/uploads\/2025\/03\/SHTYPLAJMINKETU-300x105.jpg 300w\" sizes=\"auto, (max-width: 745px) 100vw, 745px\" \/><\/a><\/figure>\n\n<div style=\"font-size: 0px; height: 0px; line-height: 0px; margin: 0; padding: 0; clear: both;\"><\/div>","protected":false},"excerpt":{"rendered":"<p>Komisionerja e Bashkimit Evropian p\u00ebr Zgjerim, Marta Kos, shprehet e bindur se gjat\u00eb mandatit t\u00eb saj do t\u00eb ket\u00eb an\u00ebtar\u00eb t\u00eb rinj n\u00eb Bashkimin Evropian. E kund\u00ebrta&#8230; <\/p>\n","protected":false},"author":1,"featured_media":24381,"comment_status":"open","ping_status":"open","sticky":false,"template":"","format":"standard","meta":{"footnotes":""},"categories":[6],"tags":[],"class_list":["post-24380","post","type-post","status-publish","format-standard","has-post-thumbnail","hentry","category-lajme"],"_links":{"self":[{"href":"https:\/\/new.findnews5.com\/index.php?rest_route=\/wp\/v2\/posts\/24380","targetHints":{"allow":["GET"]}}],"collection":[{"href":"https:\/\/new.findnews5.com\/index.php?rest_route=\/wp\/v2\/posts"}],"about":[{"href":"https:\/\/new.findnews5.com\/index.php?rest_route=\/wp\/v2\/types\/post"}],"author":[{"embeddable":true,"href":"https:\/\/new.findnews5.com\/index.php?rest_route=\/wp\/v2\/users\/1"}],"replies":[{"embeddable":true,"href":"https:\/\/new.findnews5.com\/index.php?rest_route=%2Fwp%2Fv2%2Fcomments&post=24380"}],"version-history":[{"count":1,"href":"https:\/\/new.findnews5.com\/index.php?rest_route=\/wp\/v2\/posts\/24380\/revisions"}],"predecessor-version":[{"id":24383,"href":"https:\/\/new.findnews5.com\/index.php?rest_route=\/wp\/v2\/posts\/24380\/revisions\/24383"}],"wp:featuredmedia":[{"embeddable":true,"href":"https:\/\/new.findnews5.com\/index.php?rest_route=\/wp\/v2\/media\/24381"}],"wp:attachment":[{"href":"https:\/\/new.findnews5.com\/index.php?rest_route=%2Fwp%2Fv2%2Fmedia&parent=24380"}],"wp:term":[{"taxonomy":"category","embeddable":true,"href":"https:\/\/new.findnews5.com\/index.php?rest_route=%2Fwp%2Fv2%2Fcategories&post=24380"},{"taxonomy":"post_tag","embeddable":true,"href":"https:\/\/new.findnews5.com\/index.php?rest_route=%2Fwp%2Fv2%2Ftags&post=24380"}],"curies":[{"name":"wp","href":"https:\/\/api.w.org\/{rel}","templated":true}]}}