{"id":24379,"date":"2025-04-29T09:35:29","date_gmt":"2025-04-29T09:35:29","guid":{"rendered":"https:\/\/new.findnews5.com\/?p=24379"},"modified":"2025-04-29T09:35:36","modified_gmt":"2025-04-29T09:35:36","slug":"24379","status":"publish","type":"post","link":"https:\/\/new.findnews5.com\/?p=24379","title":{"rendered":""},"content":{"rendered":"<div class=\"78954ae5fa42b68c1393fe3da4998882\" data-index=\"1\" style=\"float: none; margin:0px 0 0px 0; text-align:center;\">\n<div data-type=\"_mgwidget\" data-widget-id=\"1576712\">\r\n<\/div>\r\n<script>(function(w,q){w[q]=w[q]||[];w[q].push([\"_mgc.load\"])})(window,\"_mgq\");\r\n<\/script>\r\n\n<\/div>\n\n<p>N\u00eb nj\u00eb intervist\u00eb p\u00ebr Radio Evropa e Lir\u00eb, komisionerja e BE p\u00ebr Zgjerim v\u00eb n\u00eb pik\u00ebpyetje rrug\u00ebtimin e Serbis\u00eb n\u00eb union, teksa shprehet se \u201cM\u00eb p\u00eblqen t\u00eb them q\u00eb un\u00eb jam mb\u00ebshtet\u00ebsja m\u00eb e madhe e protestuesve, sepse n\u00ebse Serbia \u00ebsht\u00eb serioze p\u00ebr rrug\u00ebn drejt BE-s\u00eb, at\u00ebher\u00eb do t\u00eb duhet t\u00eb japin rezultate\u201d.<\/p>\n\n\n\n<p>N\u00eb fokus t\u00eb intervist\u00ebs ishte edhe normalizimi i marr\u00ebdh\u00ebnieve t\u00eb Kosov\u00ebs me Serbin\u00eb, si parakusht q\u00eb Kosova t\u00eb mund t\u00eb marr\u00eb statusin e vendit kandidat dhe t\u00eb nis\u00eb procesin e an\u00ebtar\u00ebsimit n\u00eb BE.<\/p>\n\n\n\n<p>\u201cNe po presim p\u00ebr [formimin e] qeveris\u00eb s\u00eb re. Jam n\u00eb kontakt me politikan\u00ebt atje, dhe ata pretendojn\u00eb se jan\u00eb shum\u00eb t\u00eb favor t\u00eb normalizimit t\u00eb marr\u00ebdh\u00ebnieve me Serbin\u00eb, \u00e7ka \u00ebsht\u00eb parakusht q\u00eb t\u00eb mund t\u00eb nis\u00eb procesi i negociatave ose t\u00eb jepet statusi i kandidatit\u201d, tha komisionerja Kos.<\/p>\n\n\n\n<p>E pyetur n\u00ebse Bashkimi Evropian do t\u00eb heq\u00eb masat ndaj Kosov\u00ebs, Marta Kos u shpreh se \u201cJemi duke e diskutuar k\u00ebt\u00eb. N\u00ebse shtetet an\u00ebtare do t\u00eb jen\u00eb p\u00ebr heqjen e tyre, sigurisht q\u00eb do ta b\u00ebjm\u00eb k\u00ebt\u00eb. Por, p\u00ebr momentin, jo t\u00eb gjitha shtetet an\u00ebtare jan\u00eb p\u00ebr heqjen e masave\u201d.<\/p>\n\n<div style=\"font-size: 0px; height: 0px; line-height: 0px; margin: 0; padding: 0; clear: both;\"><\/div>","protected":false},"excerpt":{"rendered":"<p>N\u00eb nj\u00eb intervist\u00eb p\u00ebr Radio Evropa e Lir\u00eb, komisionerja e BE p\u00ebr Zgjerim v\u00eb n\u00eb pik\u00ebpyetje rrug\u00ebtimin e Serbis\u00eb n\u00eb union, teksa shprehet se \u201cM\u00eb p\u00eblqen t\u00eb&#8230; <\/p>\n","protected":false},"author":1,"featured_media":0,"comment_status":"open","ping_status":"open","sticky":false,"template":"","format":"standard","meta":{"footnotes":""},"categories":[6],"tags":[],"class_list":["post-24379","post","type-post","status-publish","format-standard","hentry","category-lajme"],"_links":{"self":[{"href":"https:\/\/new.findnews5.com\/index.php?rest_route=\/wp\/v2\/posts\/24379","targetHints":{"allow":["GET"]}}],"collection":[{"href":"https:\/\/new.findnews5.com\/index.php?rest_route=\/wp\/v2\/posts"}],"about":[{"href":"https:\/\/new.findnews5.com\/index.php?rest_route=\/wp\/v2\/types\/post"}],"author":[{"embeddable":true,"href":"https:\/\/new.findnews5.com\/index.php?rest_route=\/wp\/v2\/users\/1"}],"replies":[{"embeddable":true,"href":"https:\/\/new.findnews5.com\/index.php?rest_route=%2Fwp%2Fv2%2Fcomments&post=24379"}],"version-history":[{"count":1,"href":"https:\/\/new.findnews5.com\/index.php?rest_route=\/wp\/v2\/posts\/24379\/revisions"}],"predecessor-version":[{"id":24382,"href":"https:\/\/new.findnews5.com\/index.php?rest_route=\/wp\/v2\/posts\/24379\/revisions\/24382"}],"wp:attachment":[{"href":"https:\/\/new.findnews5.com\/index.php?rest_route=%2Fwp%2Fv2%2Fmedia&parent=24379"}],"wp:term":[{"taxonomy":"category","embeddable":true,"href":"https:\/\/new.findnews5.com\/index.php?rest_route=%2Fwp%2Fv2%2Fcategories&post=24379"},{"taxonomy":"post_tag","embeddable":true,"href":"https:\/\/new.findnews5.com\/index.php?rest_route=%2Fwp%2Fv2%2Ftags&post=24379"}],"curies":[{"name":"wp","href":"https:\/\/api.w.org\/{rel}","templated":true}]}}