{"id":24375,"date":"2025-04-29T09:28:02","date_gmt":"2025-04-29T09:28:02","guid":{"rendered":"https:\/\/new.findnews5.com\/?p=24375"},"modified":"2025-04-29T09:28:08","modified_gmt":"2025-04-29T09:28:08","slug":"baton-haxhiu-ne-shqiperi-ska-mjeke-te-hajrit-reagon-edvin-prifti-tju-vij-trp-kurojme-me-mijera-kosovare-ne-europe-na-thone-qe","status":"publish","type":"post","link":"https:\/\/new.findnews5.com\/?p=24375","title":{"rendered":"Baton Haxhiu: N\u00eb Shqip\u00ebri s\u2019ka mjek\u00eb t\u00eb hajrit, reagon Edvin Prifti: T\u2019ju vij t*rp, kurojm\u00eb me mij\u00ebra kosovar\u00eb! N\u00eb Europ\u00eb na thon\u00eb q\u00eb"},"content":{"rendered":"<div class=\"78954ae5fa42b68c1393fe3da4998882\" data-index=\"1\" style=\"float: none; margin:0px 0 0px 0; text-align:center;\">\n<div data-type=\"_mgwidget\" data-widget-id=\"1576712\">\r\n<\/div>\r\n<script>(function(w,q){w[q]=w[q]||[];w[q].push([\"_mgc.load\"])})(window,\"_mgq\");\r\n<\/script>\r\n\n<\/div>\n\n<p>Mjeku Edvin Prifti reagon sot n\u00eb rrjetet e tij sociale kund\u00ebr analistit Baton Haxhiu pas nj\u00eb deklarate t\u00eb k\u00ebtij t\u00eb fundit dit\u00ebn e djeshme n\u00eb emisionin \u00c7im Peka live n\u00eb Syri.tv mbi cil\u00ebsin\u00eb e mjek\u00ebve n\u00eb Shqip\u00ebri.<\/p>\n\n\n\n<p>Haxhiu pretendoi n\u00eb emision se godinat e sh\u00ebndet\u00ebsis\u00eb jan\u00eb b\u00ebr\u00eb t\u00eb gjitha t\u00eb reja, edhe pse cil\u00ebsia e mjek\u00ebve shqiptar\u00eb l\u00eb p\u00ebr t\u00eb d\u00ebshiruar.<\/p>\n\n\n\n<figure class=\"wp-block-image size-full\"><a href=\"https:\/\/new.findnews5.com\/?p=24374\"><img loading=\"lazy\" decoding=\"async\" width=\"745\" height=\"261\" src=\"http:\/\/new.findnews5.com\/wp-content\/uploads\/2025\/03\/SHTYPLAJMINKETU.jpg\" alt=\"\" class=\"wp-image-22778\" srcset=\"https:\/\/new.findnews5.com\/wp-content\/uploads\/2025\/03\/SHTYPLAJMINKETU.jpg 745w, https:\/\/new.findnews5.com\/wp-content\/uploads\/2025\/03\/SHTYPLAJMINKETU-300x105.jpg 300w\" sizes=\"auto, (max-width: 745px) 100vw, 745px\" \/><\/a><\/figure>\n\n<div style=\"font-size: 0px; height: 0px; line-height: 0px; margin: 0; padding: 0; clear: both;\"><\/div>","protected":false},"excerpt":{"rendered":"<p>Mjeku Edvin Prifti reagon sot n\u00eb rrjetet e tij sociale kund\u00ebr analistit Baton Haxhiu pas nj\u00eb deklarate t\u00eb k\u00ebtij t\u00eb fundit dit\u00ebn e djeshme n\u00eb emisionin \u00c7im&#8230; <\/p>\n","protected":false},"author":1,"featured_media":24376,"comment_status":"open","ping_status":"open","sticky":false,"template":"","format":"standard","meta":{"footnotes":""},"categories":[6],"tags":[],"class_list":["post-24375","post","type-post","status-publish","format-standard","has-post-thumbnail","hentry","category-lajme"],"_links":{"self":[{"href":"https:\/\/new.findnews5.com\/index.php?rest_route=\/wp\/v2\/posts\/24375","targetHints":{"allow":["GET"]}}],"collection":[{"href":"https:\/\/new.findnews5.com\/index.php?rest_route=\/wp\/v2\/posts"}],"about":[{"href":"https:\/\/new.findnews5.com\/index.php?rest_route=\/wp\/v2\/types\/post"}],"author":[{"embeddable":true,"href":"https:\/\/new.findnews5.com\/index.php?rest_route=\/wp\/v2\/users\/1"}],"replies":[{"embeddable":true,"href":"https:\/\/new.findnews5.com\/index.php?rest_route=%2Fwp%2Fv2%2Fcomments&post=24375"}],"version-history":[{"count":1,"href":"https:\/\/new.findnews5.com\/index.php?rest_route=\/wp\/v2\/posts\/24375\/revisions"}],"predecessor-version":[{"id":24378,"href":"https:\/\/new.findnews5.com\/index.php?rest_route=\/wp\/v2\/posts\/24375\/revisions\/24378"}],"wp:featuredmedia":[{"embeddable":true,"href":"https:\/\/new.findnews5.com\/index.php?rest_route=\/wp\/v2\/media\/24376"}],"wp:attachment":[{"href":"https:\/\/new.findnews5.com\/index.php?rest_route=%2Fwp%2Fv2%2Fmedia&parent=24375"}],"wp:term":[{"taxonomy":"category","embeddable":true,"href":"https:\/\/new.findnews5.com\/index.php?rest_route=%2Fwp%2Fv2%2Fcategories&post=24375"},{"taxonomy":"post_tag","embeddable":true,"href":"https:\/\/new.findnews5.com\/index.php?rest_route=%2Fwp%2Fv2%2Ftags&post=24375"}],"curies":[{"name":"wp","href":"https:\/\/api.w.org\/{rel}","templated":true}]}}