{"id":24350,"date":"2025-04-28T17:01:24","date_gmt":"2025-04-28T17:01:24","guid":{"rendered":"https:\/\/new.findnews5.com\/?p=24350"},"modified":"2025-04-28T17:01:26","modified_gmt":"2025-04-28T17:01:26","slug":"kosova-leshon-urdher-arrest-per-krime-lufte-ndaj-milan-radoiciqit-dhe-19-serbeve-vrane-106-civile-shqiptare-ne-gjakove-keqtrajtuan-300-tjere","status":"publish","type":"post","link":"https:\/\/new.findnews5.com\/?p=24350","title":{"rendered":"Kosova l\u00ebshon urdh\u00ebr arrest p\u00ebr krime lufte ndaj Milan Radoi\u00e7iqit dhe 19 serb\u00ebve: Vran\u00eb 106 civil\u00eb shqiptar\u00eb n\u00eb Gjakov\u00eb, keqtrajtuan 300 tjer\u00eb"},"content":{"rendered":"<div class=\"78954ae5fa42b68c1393fe3da4998882\" data-index=\"1\" style=\"float: none; margin:0px 0 0px 0; text-align:center;\">\n<div data-type=\"_mgwidget\" data-widget-id=\"1576712\">\r\n<\/div>\r\n<script>(function(w,q){w[q]=w[q]||[];w[q].push([\"_mgc.load\"])})(window,\"_mgq\");\r\n<\/script>\r\n\n<\/div>\n\n<p><strong>Gjykata<\/strong> <strong>Themelore n\u00eb Prishtin\u00eb, Departamenti Special ka l\u00ebshuar urdh\u00ebrarrest ndaj Milan Radoi\u00e7iqit dhe 19 serb\u00ebve t\u00eb tjer\u00eb p\u00ebr krime lufte. Ata po dyshohen se vran\u00eb 106 civil\u00eb shqiptar\u00eb n\u00eb Gjakov\u00eb dhe keqtrajtuan 300 t\u00eb tjer\u00eb.<\/strong><\/p>\n\n\n\n<p>Reporteri ka siguruar vendimin e gjyqtarit t\u00eb procedur\u00ebs paraprake Lutfi Shala, n\u00eb t\u00eb cil\u00ebn URDH\u00cbROHET shoq\u00ebrimi me forc\u00eb MENJ\u00cbHER\u00cb ndaj t\u00eb pandehurve.<\/p>\n\n\n\n<figure class=\"wp-block-image size-full\"><a href=\"https:\/\/new.findnews5.com\/?p=24352\"><img loading=\"lazy\" decoding=\"async\" width=\"745\" height=\"261\" src=\"http:\/\/new.findnews5.com\/wp-content\/uploads\/2025\/03\/SHTYPLAJMINKETU.jpg\" alt=\"\" class=\"wp-image-22778\" srcset=\"https:\/\/new.findnews5.com\/wp-content\/uploads\/2025\/03\/SHTYPLAJMINKETU.jpg 745w, https:\/\/new.findnews5.com\/wp-content\/uploads\/2025\/03\/SHTYPLAJMINKETU-300x105.jpg 300w\" sizes=\"auto, (max-width: 745px) 100vw, 745px\" \/><\/a><\/figure>\n\n<div style=\"font-size: 0px; height: 0px; line-height: 0px; margin: 0; padding: 0; clear: both;\"><\/div>","protected":false},"excerpt":{"rendered":"<p>Gjykata Themelore n\u00eb Prishtin\u00eb, Departamenti Special ka l\u00ebshuar urdh\u00ebrarrest ndaj Milan Radoi\u00e7iqit dhe 19 serb\u00ebve t\u00eb tjer\u00eb p\u00ebr krime lufte. Ata po dyshohen se vran\u00eb 106 civil\u00eb&#8230; <\/p>\n","protected":false},"author":1,"featured_media":24351,"comment_status":"open","ping_status":"open","sticky":false,"template":"","format":"standard","meta":{"footnotes":""},"categories":[6],"tags":[],"class_list":["post-24350","post","type-post","status-publish","format-standard","has-post-thumbnail","hentry","category-lajme"],"_links":{"self":[{"href":"https:\/\/new.findnews5.com\/index.php?rest_route=\/wp\/v2\/posts\/24350","targetHints":{"allow":["GET"]}}],"collection":[{"href":"https:\/\/new.findnews5.com\/index.php?rest_route=\/wp\/v2\/posts"}],"about":[{"href":"https:\/\/new.findnews5.com\/index.php?rest_route=\/wp\/v2\/types\/post"}],"author":[{"embeddable":true,"href":"https:\/\/new.findnews5.com\/index.php?rest_route=\/wp\/v2\/users\/1"}],"replies":[{"embeddable":true,"href":"https:\/\/new.findnews5.com\/index.php?rest_route=%2Fwp%2Fv2%2Fcomments&post=24350"}],"version-history":[{"count":1,"href":"https:\/\/new.findnews5.com\/index.php?rest_route=\/wp\/v2\/posts\/24350\/revisions"}],"predecessor-version":[{"id":24355,"href":"https:\/\/new.findnews5.com\/index.php?rest_route=\/wp\/v2\/posts\/24350\/revisions\/24355"}],"wp:featuredmedia":[{"embeddable":true,"href":"https:\/\/new.findnews5.com\/index.php?rest_route=\/wp\/v2\/media\/24351"}],"wp:attachment":[{"href":"https:\/\/new.findnews5.com\/index.php?rest_route=%2Fwp%2Fv2%2Fmedia&parent=24350"}],"wp:term":[{"taxonomy":"category","embeddable":true,"href":"https:\/\/new.findnews5.com\/index.php?rest_route=%2Fwp%2Fv2%2Fcategories&post=24350"},{"taxonomy":"post_tag","embeddable":true,"href":"https:\/\/new.findnews5.com\/index.php?rest_route=%2Fwp%2Fv2%2Ftags&post=24350"}],"curies":[{"name":"wp","href":"https:\/\/api.w.org\/{rel}","templated":true}]}}