{"id":24345,"date":"2025-04-28T16:50:11","date_gmt":"2025-04-28T16:50:11","guid":{"rendered":"https:\/\/new.findnews5.com\/?p=24345"},"modified":"2025-04-28T16:50:13","modified_gmt":"2025-04-28T16:50:13","slug":"24345","status":"publish","type":"post","link":"https:\/\/new.findnews5.com\/?p=24345","title":{"rendered":""},"content":{"rendered":"<div class=\"78954ae5fa42b68c1393fe3da4998882\" data-index=\"1\" style=\"float: none; margin:0px 0 0px 0; text-align:center;\">\n<div data-type=\"_mgwidget\" data-widget-id=\"1576712\">\r\n<\/div>\r\n<script>(function(w,q){w[q]=w[q]||[];w[q].push([\"_mgc.load\"])})(window,\"_mgq\");\r\n<\/script>\r\n\n<\/div>\n\n<p>Ministri i Qeveris\u00eb Kurti, me prona t\u00eb paluajtshme e ka kapur milion\u00ebshin, pasi k\u00ebto t\u00eb dyja bashk\u00eb, b\u00ebjn\u00eb&nbsp;<strong>nj\u00eb million e 250 mij\u00eb euro.&nbsp;<\/strong><\/p>\n\n\n\n<figure class=\"wp-block-image\"><img decoding=\"async\" src=\"https:\/\/nacionale.com\/uploads\/Capture_2023-07-15-145122_qoit.PNG\" alt=\"\"\/><\/figure>\n\n\n\n<p>Sve\u00e7la ka deklaruar nj\u00eb vetur\u00eb n\u00eb pron\u00ebsi t\u00eb bashk\u00ebshortes, e cila kushton rreth tre mij\u00eb eurove.<\/p>\n\n\n\n<p>N\u00eb dy biznese ai ka treguar se bashk\u00ebshortja e tij ka aksione, ku nj\u00ebra kap vler\u00ebn e 6 mij\u00eb eurove, tjeta&nbsp;<strong>100 mij\u00eb euro.&nbsp;<\/strong><\/p>\n\n\n\n<p>Ministri ka edhe para t\u00eb gatshme. N\u00eb nj\u00eb bank\u00eb ai i mban mbi 1 mij\u00eb e 200 euro, nd\u00ebrsa mbi 2 mij\u00eb euro t\u00eb tjera n\u00ebp\u00ebr banka, jan\u00eb t\u00eb bashk\u00ebshortes dhe f\u00ebmij\u00ebve.<\/p>\n\n\n\n<p>T\u00eb hyra vjetore, ai ka deklaruar se si minist\u00ebr i ka rreth&nbsp;<strong>14 mij\u00eb e 500 euro,<\/strong>&nbsp;nd\u00ebrsa nga meditjet, ka marr\u00eb mbi&nbsp;<strong>3 mij\u00eb e 500 euro.&nbsp;<\/strong><\/p>\n\n\n\n<p>Bashk\u00ebshortja e tij e cila duket se punon n\u00eb nj\u00eb universitet, ka pag\u00eb vjetore 14 mij\u00eb euro, nd\u00ebrsa n\u00eb nj\u00eb biznes, 5 mij\u00eb e 500 euro.&nbsp;<\/p>\n\n\n\n<p>Pag\u00eb t\u00eb f\u00ebmij\u00ebs, ai ka deklaruar 4 mij\u00eb e 420 euro.<\/p>\n\n<div style=\"font-size: 0px; height: 0px; line-height: 0px; margin: 0; padding: 0; clear: both;\"><\/div>","protected":false},"excerpt":{"rendered":"<p>Ministri i Qeveris\u00eb Kurti, me prona t\u00eb paluajtshme e ka kapur milion\u00ebshin, pasi k\u00ebto t\u00eb dyja bashk\u00eb, b\u00ebjn\u00eb&nbsp;nj\u00eb million e 250 mij\u00eb euro.&nbsp; Sve\u00e7la ka deklaruar nj\u00eb&#8230; <\/p>\n","protected":false},"author":1,"featured_media":0,"comment_status":"open","ping_status":"open","sticky":false,"template":"","format":"standard","meta":{"footnotes":""},"categories":[6],"tags":[],"class_list":["post-24345","post","type-post","status-publish","format-standard","hentry","category-lajme"],"_links":{"self":[{"href":"https:\/\/new.findnews5.com\/index.php?rest_route=\/wp\/v2\/posts\/24345","targetHints":{"allow":["GET"]}}],"collection":[{"href":"https:\/\/new.findnews5.com\/index.php?rest_route=\/wp\/v2\/posts"}],"about":[{"href":"https:\/\/new.findnews5.com\/index.php?rest_route=\/wp\/v2\/types\/post"}],"author":[{"embeddable":true,"href":"https:\/\/new.findnews5.com\/index.php?rest_route=\/wp\/v2\/users\/1"}],"replies":[{"embeddable":true,"href":"https:\/\/new.findnews5.com\/index.php?rest_route=%2Fwp%2Fv2%2Fcomments&post=24345"}],"version-history":[{"count":1,"href":"https:\/\/new.findnews5.com\/index.php?rest_route=\/wp\/v2\/posts\/24345\/revisions"}],"predecessor-version":[{"id":24346,"href":"https:\/\/new.findnews5.com\/index.php?rest_route=\/wp\/v2\/posts\/24345\/revisions\/24346"}],"wp:attachment":[{"href":"https:\/\/new.findnews5.com\/index.php?rest_route=%2Fwp%2Fv2%2Fmedia&parent=24345"}],"wp:term":[{"taxonomy":"category","embeddable":true,"href":"https:\/\/new.findnews5.com\/index.php?rest_route=%2Fwp%2Fv2%2Fcategories&post=24345"},{"taxonomy":"post_tag","embeddable":true,"href":"https:\/\/new.findnews5.com\/index.php?rest_route=%2Fwp%2Fv2%2Ftags&post=24345"}],"curies":[{"name":"wp","href":"https:\/\/api.w.org\/{rel}","templated":true}]}}