{"id":24343,"date":"2025-04-28T16:50:28","date_gmt":"2025-04-28T16:50:28","guid":{"rendered":"https:\/\/new.findnews5.com\/?p=24343"},"modified":"2025-04-28T16:50:32","modified_gmt":"2025-04-28T16:50:32","slug":"me-nje-shtepi-e-nje-lokal-kap-milioneshin-pasuria-e-ministrit-xhelal-svecla","status":"publish","type":"post","link":"https:\/\/new.findnews5.com\/?p=24343","title":{"rendered":"Me nj\u00eb sht\u00ebpi e nj\u00eb lokal, kap milion\u00ebshin: Pasuria e ministrit Xhelal Sve\u00e7la"},"content":{"rendered":"<div class=\"78954ae5fa42b68c1393fe3da4998882\" data-index=\"1\" style=\"float: none; margin:0px 0 0px 0; text-align:center;\">\n<div data-type=\"_mgwidget\" data-widget-id=\"1576712\">\r\n<\/div>\r\n<script>(function(w,q){w[q]=w[q]||[];w[q].push([\"_mgc.load\"])})(window,\"_mgq\");\r\n<\/script>\r\n\n<\/div>\n\n<p>Ve\u00e7 nj\u00eb sht\u00ebpi n\u00eb vler\u00eb t\u00eb p\u00ebrbashk\u00ebt, si pasuri t\u00eb paluajtshme,&nbsp;<a href=\"https:\/\/akk-ks.org\/assets\/cms\/uploads\/files\/Deklarimet-2023\/Qeveri\/Ministria%20e%20%20Pun%C3%ABve%20t%C3%AB%20Brendshme\/Xhelal%20Sve%C3%A7la.pdf\">Sve\u00e7la ka deklaruar<\/a>&nbsp;se<strong>&nbsp;e kap vler\u00ebn e 600 mij\u00eb eurove.&nbsp;<\/strong><\/p>\n\n\n\n<p>Ai posedon n\u00eb pron\u00ebsi t\u00eb p\u00ebrbashk\u00ebt edhe nj\u00eb lokal me vler\u00eb prej&nbsp;<strong>650 mij\u00eb eurove.<\/strong><\/p>\n\n\n\n<figure class=\"wp-block-image size-full\"><a href=\"https:\/\/new.findnews5.com\/?p=24345\"><img loading=\"lazy\" decoding=\"async\" width=\"745\" height=\"261\" src=\"http:\/\/new.findnews5.com\/wp-content\/uploads\/2025\/03\/SHTYPLAJMINKETU.jpg\" alt=\"\" class=\"wp-image-22778\" srcset=\"https:\/\/new.findnews5.com\/wp-content\/uploads\/2025\/03\/SHTYPLAJMINKETU.jpg 745w, https:\/\/new.findnews5.com\/wp-content\/uploads\/2025\/03\/SHTYPLAJMINKETU-300x105.jpg 300w\" sizes=\"auto, (max-width: 745px) 100vw, 745px\" \/><\/a><\/figure>\n\n<div style=\"font-size: 0px; height: 0px; line-height: 0px; margin: 0; padding: 0; clear: both;\"><\/div>","protected":false},"excerpt":{"rendered":"<p>Ve\u00e7 nj\u00eb sht\u00ebpi n\u00eb vler\u00eb t\u00eb p\u00ebrbashk\u00ebt, si pasuri t\u00eb paluajtshme,&nbsp;Sve\u00e7la ka deklaruar&nbsp;se&nbsp;e kap vler\u00ebn e 600 mij\u00eb eurove.&nbsp; Ai posedon n\u00eb pron\u00ebsi t\u00eb p\u00ebrbashk\u00ebt edhe nj\u00eb&#8230; <\/p>\n","protected":false},"author":1,"featured_media":24344,"comment_status":"open","ping_status":"open","sticky":false,"template":"","format":"standard","meta":{"footnotes":""},"categories":[6],"tags":[],"class_list":["post-24343","post","type-post","status-publish","format-standard","has-post-thumbnail","hentry","category-lajme"],"_links":{"self":[{"href":"https:\/\/new.findnews5.com\/index.php?rest_route=\/wp\/v2\/posts\/24343","targetHints":{"allow":["GET"]}}],"collection":[{"href":"https:\/\/new.findnews5.com\/index.php?rest_route=\/wp\/v2\/posts"}],"about":[{"href":"https:\/\/new.findnews5.com\/index.php?rest_route=\/wp\/v2\/types\/post"}],"author":[{"embeddable":true,"href":"https:\/\/new.findnews5.com\/index.php?rest_route=\/wp\/v2\/users\/1"}],"replies":[{"embeddable":true,"href":"https:\/\/new.findnews5.com\/index.php?rest_route=%2Fwp%2Fv2%2Fcomments&post=24343"}],"version-history":[{"count":1,"href":"https:\/\/new.findnews5.com\/index.php?rest_route=\/wp\/v2\/posts\/24343\/revisions"}],"predecessor-version":[{"id":24348,"href":"https:\/\/new.findnews5.com\/index.php?rest_route=\/wp\/v2\/posts\/24343\/revisions\/24348"}],"wp:featuredmedia":[{"embeddable":true,"href":"https:\/\/new.findnews5.com\/index.php?rest_route=\/wp\/v2\/media\/24344"}],"wp:attachment":[{"href":"https:\/\/new.findnews5.com\/index.php?rest_route=%2Fwp%2Fv2%2Fmedia&parent=24343"}],"wp:term":[{"taxonomy":"category","embeddable":true,"href":"https:\/\/new.findnews5.com\/index.php?rest_route=%2Fwp%2Fv2%2Fcategories&post=24343"},{"taxonomy":"post_tag","embeddable":true,"href":"https:\/\/new.findnews5.com\/index.php?rest_route=%2Fwp%2Fv2%2Ftags&post=24343"}],"curies":[{"name":"wp","href":"https:\/\/api.w.org\/{rel}","templated":true}]}}