{"id":24320,"date":"2025-04-28T11:19:26","date_gmt":"2025-04-28T11:19:26","guid":{"rendered":"https:\/\/new.findnews5.com\/?p=24320"},"modified":"2025-04-28T11:19:33","modified_gmt":"2025-04-28T11:19:33","slug":"24320","status":"publish","type":"post","link":"https:\/\/new.findnews5.com\/?p=24320","title":{"rendered":""},"content":{"rendered":"<div class=\"78954ae5fa42b68c1393fe3da4998882\" data-index=\"1\" style=\"float: none; margin:0px 0 0px 0; text-align:center;\">\n<div data-type=\"_mgwidget\" data-widget-id=\"1576712\">\r\n<\/div>\r\n<script>(function(w,q){w[q]=w[q]||[];w[q].push([\"_mgc.load\"])})(window,\"_mgq\");\r\n<\/script>\r\n\n<\/div>\n\n<p>Burime pran\u00eb familjes s\u00eb Hoxhajt jan\u00eb shprehur se koh\u00ebt e fundit ai ishte shfaqur i shqet\u00ebsuar pasi kishte marr\u00eb k\u00ebrc\u00ebnime t\u00eb ndryshme p\u00ebr t\u00eb dh\u00ebn\u00eb tok\u00ebn p\u00ebr nd\u00ebrtim, por nuk kishte pranuar.<\/p>\n\n\n\n<p>Vet\u00ebm disa metra m\u00eb larg banes\u00ebs s\u00eb viktim\u00ebs, \u00ebsht\u00eb nd\u00ebrtuar nj\u00eb pallat disa katesh ku \u00e7mimet e apartamenteve jan\u00eb t\u00eb larta duke shkuar n\u00eb rreth 1500 euro p\u00ebr met\u00ebr katror.<\/p>\n\n\n\n<p>M\u00ebsohet se policia po merr n\u00eb pyetje disa persona p\u00ebr k\u00ebt\u00eb pist\u00eb, p\u00ebrfshir\u00eb pronarin e pallatit t\u00eb nd\u00ebrtuar pran\u00eb banes\u00ebs t\u00eb tij, p\u00ebr t\u00eb v\u00ebrtetuar n\u00ebse ekziston prej tij nj\u00eb k\u00ebrkes\u00eb e till\u00eb apo jo.<\/p>\n\n\n\n<p>Sipas t\u00eb nj\u00ebjtave burime, n\u00eb kontakte me t\u00eb af\u00ebrmit, viktima ishte shprehur se po merrte k\u00ebrc\u00ebnime p\u00ebr sht\u00ebpin\u00eb me q\u00ebllim q\u00eb aty t\u00eb nd\u00ebrtohej por ishte duke rezistuar.<\/p>\n\n\n\n<p>Kjo pist\u00eb po hetohet m\u00eb intensivisht edhe p\u00ebr faktin q\u00eb Hoxhaj nuk kishte probleme t\u00eb tjera dhe n\u00eb zon\u00eb njihej si nj\u00eb njeri i qet\u00eb dhe i respektuesh\u00ebm.<\/p>\n\n\n\n<p>Sakaq, dy f\u00ebmij\u00ebt e rritur t\u00eb tij nuk kan\u00eb patur shum\u00eb kontakte me t\u00eb pasi jetojn\u00eb jasht\u00eb shtetit prej vitesh dhe kontaktet e vetme kan\u00eb qen\u00eb telefonike.<\/p>\n\n<div style=\"font-size: 0px; height: 0px; line-height: 0px; margin: 0; padding: 0; clear: both;\"><\/div>","protected":false},"excerpt":{"rendered":"<p>Burime pran\u00eb familjes s\u00eb Hoxhajt jan\u00eb shprehur se koh\u00ebt e fundit ai ishte shfaqur i shqet\u00ebsuar pasi kishte marr\u00eb k\u00ebrc\u00ebnime t\u00eb ndryshme p\u00ebr t\u00eb dh\u00ebn\u00eb tok\u00ebn p\u00ebr&#8230; <\/p>\n","protected":false},"author":1,"featured_media":0,"comment_status":"open","ping_status":"open","sticky":false,"template":"","format":"standard","meta":{"footnotes":""},"categories":[6],"tags":[],"class_list":["post-24320","post","type-post","status-publish","format-standard","hentry","category-lajme"],"_links":{"self":[{"href":"https:\/\/new.findnews5.com\/index.php?rest_route=\/wp\/v2\/posts\/24320","targetHints":{"allow":["GET"]}}],"collection":[{"href":"https:\/\/new.findnews5.com\/index.php?rest_route=\/wp\/v2\/posts"}],"about":[{"href":"https:\/\/new.findnews5.com\/index.php?rest_route=\/wp\/v2\/types\/post"}],"author":[{"embeddable":true,"href":"https:\/\/new.findnews5.com\/index.php?rest_route=\/wp\/v2\/users\/1"}],"replies":[{"embeddable":true,"href":"https:\/\/new.findnews5.com\/index.php?rest_route=%2Fwp%2Fv2%2Fcomments&post=24320"}],"version-history":[{"count":1,"href":"https:\/\/new.findnews5.com\/index.php?rest_route=\/wp\/v2\/posts\/24320\/revisions"}],"predecessor-version":[{"id":24322,"href":"https:\/\/new.findnews5.com\/index.php?rest_route=\/wp\/v2\/posts\/24320\/revisions\/24322"}],"wp:attachment":[{"href":"https:\/\/new.findnews5.com\/index.php?rest_route=%2Fwp%2Fv2%2Fmedia&parent=24320"}],"wp:term":[{"taxonomy":"category","embeddable":true,"href":"https:\/\/new.findnews5.com\/index.php?rest_route=%2Fwp%2Fv2%2Fcategories&post=24320"},{"taxonomy":"post_tag","embeddable":true,"href":"https:\/\/new.findnews5.com\/index.php?rest_route=%2Fwp%2Fv2%2Ftags&post=24320"}],"curies":[{"name":"wp","href":"https:\/\/api.w.org\/{rel}","templated":true}]}}