{"id":24316,"date":"2025-04-28T11:16:37","date_gmt":"2025-04-28T11:16:37","guid":{"rendered":"https:\/\/new.findnews5.com\/?p=24316"},"modified":"2025-04-28T11:16:42","modified_gmt":"2025-04-28T11:16:42","slug":"24316","status":"publish","type":"post","link":"https:\/\/new.findnews5.com\/?p=24316","title":{"rendered":""},"content":{"rendered":"<div class=\"78954ae5fa42b68c1393fe3da4998882\" data-index=\"1\" style=\"float: none; margin:0px 0 0px 0; text-align:center;\">\n<div data-type=\"_mgwidget\" data-widget-id=\"1576712\">\r\n<\/div>\r\n<script>(function(w,q){w[q]=w[q]||[];w[q].push([\"_mgc.load\"])})(window,\"_mgq\");\r\n<\/script>\r\n\n<\/div>\n\n<p>Eljan Tanini: Baki, faleminderit q\u00eb jeni sot me ne. Ju quajn\u00eb \u201cBaki i Arit\u201d. Pse?&nbsp;<\/p>\n\n\n\n<p>Baki Baliu: Un\u00eb merrem me minerale t\u00eb ndryshme n\u00eb Afrik\u00eb dhe jetoj n\u00eb Sierra Leone. Kam dy miniera ari atje dhe nj\u00eb staf t\u00eb p\u00ebrhersh\u00ebm q\u00eb punon me mua. Fillimisht emigrova n\u00eb Gjermani. Babai im ka punuar p\u00ebr 31 vjet n\u00eb Minier\u00ebn e Trep\u00e7\u00ebs si minator. N\u00eb Gjermani m\u00ebsova saldimin dhe punova si saldator. M\u00eb pas u lidha me nj\u00eb nga njer\u00ebzit m\u00eb t\u00eb fuqish\u00ebm n\u00eb bot\u00eb p\u00ebr diamant dhe ar. U b\u00ebra truproja i tij personal. Ai m\u00eb porositi t\u00eb mos shkoja n\u00eb Afrik\u00eb, por un\u00eb nuk e d\u00ebgjova.<\/p>\n\n\n\n<p>Eljan Tanini: \u00c7far\u00eb ndodhi m\u00eb pas?<\/p>\n\n\n\n<p>Baki Balliu: N\u00eb vitin 2014 kisha b\u00ebr\u00eb ca para dhe krijova nj\u00eb kompani p\u00ebr riciklimin e gomave. Nga ato nxirrnim vaj dhe solar. N\u00eb fakt, teknologjia q\u00eb kisha nuk e kishte askush tjet\u00ebr n\u00eb rajon. Por n\u00eb Mitrovic\u00eb, pushteti m\u00eb goditi dhe m\u00eb mbylli fabrik\u00ebn. U p\u00ebrballa me falimentim t\u00eb madh. At\u00eb humbje nuk e pranova, k\u00ebshtu vendosa t\u00eb nis nj\u00eb jet\u00eb t\u00eb re n\u00eb Afrik\u00eb.<\/p>\n\n<div style=\"font-size: 0px; height: 0px; line-height: 0px; margin: 0; padding: 0; clear: both;\"><\/div>","protected":false},"excerpt":{"rendered":"<p>Eljan Tanini: Baki, faleminderit q\u00eb jeni sot me ne. Ju quajn\u00eb \u201cBaki i Arit\u201d. Pse?&nbsp; Baki Baliu: Un\u00eb merrem me minerale t\u00eb ndryshme n\u00eb Afrik\u00eb dhe jetoj&#8230; <\/p>\n","protected":false},"author":1,"featured_media":0,"comment_status":"open","ping_status":"open","sticky":false,"template":"","format":"standard","meta":{"footnotes":""},"categories":[6],"tags":[],"class_list":["post-24316","post","type-post","status-publish","format-standard","hentry","category-lajme"],"_links":{"self":[{"href":"https:\/\/new.findnews5.com\/index.php?rest_route=\/wp\/v2\/posts\/24316","targetHints":{"allow":["GET"]}}],"collection":[{"href":"https:\/\/new.findnews5.com\/index.php?rest_route=\/wp\/v2\/posts"}],"about":[{"href":"https:\/\/new.findnews5.com\/index.php?rest_route=\/wp\/v2\/types\/post"}],"author":[{"embeddable":true,"href":"https:\/\/new.findnews5.com\/index.php?rest_route=\/wp\/v2\/users\/1"}],"replies":[{"embeddable":true,"href":"https:\/\/new.findnews5.com\/index.php?rest_route=%2Fwp%2Fv2%2Fcomments&post=24316"}],"version-history":[{"count":1,"href":"https:\/\/new.findnews5.com\/index.php?rest_route=\/wp\/v2\/posts\/24316\/revisions"}],"predecessor-version":[{"id":24317,"href":"https:\/\/new.findnews5.com\/index.php?rest_route=\/wp\/v2\/posts\/24316\/revisions\/24317"}],"wp:attachment":[{"href":"https:\/\/new.findnews5.com\/index.php?rest_route=%2Fwp%2Fv2%2Fmedia&parent=24316"}],"wp:term":[{"taxonomy":"category","embeddable":true,"href":"https:\/\/new.findnews5.com\/index.php?rest_route=%2Fwp%2Fv2%2Fcategories&post=24316"},{"taxonomy":"post_tag","embeddable":true,"href":"https:\/\/new.findnews5.com\/index.php?rest_route=%2Fwp%2Fv2%2Ftags&post=24316"}],"curies":[{"name":"wp","href":"https:\/\/api.w.org\/{rel}","templated":true}]}}