{"id":24292,"date":"2025-04-28T03:30:40","date_gmt":"2025-04-28T03:30:40","guid":{"rendered":"https:\/\/new.findnews5.com\/?p=24292"},"modified":"2025-04-28T03:30:42","modified_gmt":"2025-04-28T03:30:42","slug":"me-zerin-qe-i-dridhet-rudina-dembacaj-e-pranon-per-here-te-pare-ja-cfare-me-ka-ndodhur-me-markun","status":"publish","type":"post","link":"https:\/\/new.findnews5.com\/?p=24292","title":{"rendered":"Me z\u00ebrin q\u00eb i dridhet, Rudina Dembacaj e pranon p\u00ebr her\u00eb t\u00eb par\u00eb: Ja cfare me ka ndodhur me Markun"},"content":{"rendered":"<div class=\"78954ae5fa42b68c1393fe3da4998882\" data-index=\"1\" style=\"float: none; margin:0px 0 0px 0; text-align:center;\">\n<div data-type=\"_mgwidget\" data-widget-id=\"1576712\">\r\n<\/div>\r\n<script>(function(w,q){w[q]=w[q]||[];w[q].push([\"_mgc.load\"])})(window,\"_mgq\");\r\n<\/script>\r\n\n<\/div>\n\n<p>Aktorja e njohur, Rudina Dembacaj ka ardhur s\u00eb fundmi me nj\u00eb rr\u00ebfim ku dhe ka treguar nj\u00eb humbje e cila ka sh\u00ebnjuar n\u00eb jet\u00ebn e saj, por e ka ndihmuar t\u00eb b\u00ebhet akoma dhe m\u00eb e fort\u00eb. Me z\u00ebrin q\u00eb i dridhej dhe emocioneve t\u00eb forta, Rudina, e ftuar n\u00eb \u201cVajz\u00eb apo djal\u00eb\u201d, ka zbuluar se janarin e vitit t\u00eb kaluar p\u00ebrjetoi nj\u00eb abort spontan.<\/p>\n\n\n\n<figure class=\"wp-block-image size-full\"><a href=\"https:\/\/new.findnews5.com\/?p=24294\"><img loading=\"lazy\" decoding=\"async\" width=\"745\" height=\"261\" src=\"http:\/\/new.findnews5.com\/wp-content\/uploads\/2025\/03\/SHTYPLAJMINKETU.jpg\" alt=\"\" class=\"wp-image-22778\" srcset=\"https:\/\/new.findnews5.com\/wp-content\/uploads\/2025\/03\/SHTYPLAJMINKETU.jpg 745w, https:\/\/new.findnews5.com\/wp-content\/uploads\/2025\/03\/SHTYPLAJMINKETU-300x105.jpg 300w\" sizes=\"auto, (max-width: 745px) 100vw, 745px\" \/><\/a><\/figure>\n\n<div style=\"font-size: 0px; height: 0px; line-height: 0px; margin: 0; padding: 0; clear: both;\"><\/div>","protected":false},"excerpt":{"rendered":"<p>Aktorja e njohur, Rudina Dembacaj ka ardhur s\u00eb fundmi me nj\u00eb rr\u00ebfim ku dhe ka treguar nj\u00eb humbje e cila ka sh\u00ebnjuar n\u00eb jet\u00ebn e saj, por&#8230; <\/p>\n","protected":false},"author":1,"featured_media":24295,"comment_status":"open","ping_status":"open","sticky":false,"template":"","format":"standard","meta":{"footnotes":""},"categories":[6],"tags":[],"class_list":["post-24292","post","type-post","status-publish","format-standard","has-post-thumbnail","hentry","category-lajme"],"_links":{"self":[{"href":"https:\/\/new.findnews5.com\/index.php?rest_route=\/wp\/v2\/posts\/24292","targetHints":{"allow":["GET"]}}],"collection":[{"href":"https:\/\/new.findnews5.com\/index.php?rest_route=\/wp\/v2\/posts"}],"about":[{"href":"https:\/\/new.findnews5.com\/index.php?rest_route=\/wp\/v2\/types\/post"}],"author":[{"embeddable":true,"href":"https:\/\/new.findnews5.com\/index.php?rest_route=\/wp\/v2\/users\/1"}],"replies":[{"embeddable":true,"href":"https:\/\/new.findnews5.com\/index.php?rest_route=%2Fwp%2Fv2%2Fcomments&post=24292"}],"version-history":[{"count":1,"href":"https:\/\/new.findnews5.com\/index.php?rest_route=\/wp\/v2\/posts\/24292\/revisions"}],"predecessor-version":[{"id":24298,"href":"https:\/\/new.findnews5.com\/index.php?rest_route=\/wp\/v2\/posts\/24292\/revisions\/24298"}],"wp:featuredmedia":[{"embeddable":true,"href":"https:\/\/new.findnews5.com\/index.php?rest_route=\/wp\/v2\/media\/24295"}],"wp:attachment":[{"href":"https:\/\/new.findnews5.com\/index.php?rest_route=%2Fwp%2Fv2%2Fmedia&parent=24292"}],"wp:term":[{"taxonomy":"category","embeddable":true,"href":"https:\/\/new.findnews5.com\/index.php?rest_route=%2Fwp%2Fv2%2Fcategories&post=24292"},{"taxonomy":"post_tag","embeddable":true,"href":"https:\/\/new.findnews5.com\/index.php?rest_route=%2Fwp%2Fv2%2Ftags&post=24292"}],"curies":[{"name":"wp","href":"https:\/\/api.w.org\/{rel}","templated":true}]}}