{"id":24284,"date":"2025-04-27T19:39:59","date_gmt":"2025-04-27T19:39:59","guid":{"rendered":"https:\/\/new.findnews5.com\/?p=24284"},"modified":"2025-04-27T19:40:02","modified_gmt":"2025-04-27T19:40:02","slug":"24284","status":"publish","type":"post","link":"https:\/\/new.findnews5.com\/?p=24284","title":{"rendered":""},"content":{"rendered":"<div class=\"78954ae5fa42b68c1393fe3da4998882\" data-index=\"1\" style=\"float: none; margin:0px 0 0px 0; text-align:center;\">\n<div data-type=\"_mgwidget\" data-widget-id=\"1576712\">\r\n<\/div>\r\n<script>(function(w,q){w[q]=w[q]||[];w[q].push([\"_mgc.load\"])})(window,\"_mgq\");\r\n<\/script>\r\n\n<\/div>\n\n<p>N\u00eb fakt, Belind K\u00eblli\u00e7i mbr\u00ebm\u00eb n\u00eb Opinion e p\u00ebrs\u00ebriti disa her\u00eb iden\u00eb se Sali Berisha nuk po lufton t\u00eb b\u00ebhet kryeminist\u00ebr.<\/p>\n\n\n\n<p>Ndoshta zoti K\u00eblli\u00e7i i p\u00ebrmbahet premtimit t\u00eb Sali Berish\u00ebs q\u00eb thot\u00eb se, n\u00ebse fiton zgjedhjet, do t\u00eb jen\u00eb demokrat\u00ebt q\u00eb do ta vendosin me vot\u00eb n\u00ebse do t\u00eb jet\u00eb kryeminist\u00ebr.<\/p>\n\n\n\n<p>Se si vendosin demokrat\u00ebt n\u00eb PD, kjo \u00ebsht\u00eb nj\u00eb gj\u00eb e njohur p\u00ebr shqiptar\u00ebt.<\/p>\n\n\n\n<p>Ajo q\u00eb nuk dihet \u00ebsht\u00eb n\u00ebse deklarata e Belind K\u00eblli\u00e7it ka t\u00eb b\u00ebj\u00eb me nj\u00eb largim t\u00eb imazhit t\u00eb Berish\u00ebs n\u00eb fushat\u00eb si kryeminist\u00ebr i ardhsh\u00ebm apo ka t\u00eb b\u00ebj\u00eb me mund\u00ebsin\u00eb e \u201ckryengritjes\u201d n\u00eb pallat, q\u00eb ndoshta Belindi dhe disa t\u00eb tjer\u00eb po b\u00ebhen gati ta organizojn\u00eb pas 11 majit.<\/p>\n\n<div style=\"font-size: 0px; height: 0px; line-height: 0px; margin: 0; padding: 0; clear: both;\"><\/div>","protected":false},"excerpt":{"rendered":"<p>N\u00eb fakt, Belind K\u00eblli\u00e7i mbr\u00ebm\u00eb n\u00eb Opinion e p\u00ebrs\u00ebriti disa her\u00eb iden\u00eb se Sali Berisha nuk po lufton t\u00eb b\u00ebhet kryeminist\u00ebr. Ndoshta zoti K\u00eblli\u00e7i i p\u00ebrmbahet premtimit&#8230; <\/p>\n","protected":false},"author":1,"featured_media":0,"comment_status":"open","ping_status":"open","sticky":false,"template":"","format":"standard","meta":{"footnotes":""},"categories":[6],"tags":[],"class_list":["post-24284","post","type-post","status-publish","format-standard","hentry","category-lajme"],"_links":{"self":[{"href":"https:\/\/new.findnews5.com\/index.php?rest_route=\/wp\/v2\/posts\/24284","targetHints":{"allow":["GET"]}}],"collection":[{"href":"https:\/\/new.findnews5.com\/index.php?rest_route=\/wp\/v2\/posts"}],"about":[{"href":"https:\/\/new.findnews5.com\/index.php?rest_route=\/wp\/v2\/types\/post"}],"author":[{"embeddable":true,"href":"https:\/\/new.findnews5.com\/index.php?rest_route=\/wp\/v2\/users\/1"}],"replies":[{"embeddable":true,"href":"https:\/\/new.findnews5.com\/index.php?rest_route=%2Fwp%2Fv2%2Fcomments&post=24284"}],"version-history":[{"count":1,"href":"https:\/\/new.findnews5.com\/index.php?rest_route=\/wp\/v2\/posts\/24284\/revisions"}],"predecessor-version":[{"id":24285,"href":"https:\/\/new.findnews5.com\/index.php?rest_route=\/wp\/v2\/posts\/24284\/revisions\/24285"}],"wp:attachment":[{"href":"https:\/\/new.findnews5.com\/index.php?rest_route=%2Fwp%2Fv2%2Fmedia&parent=24284"}],"wp:term":[{"taxonomy":"category","embeddable":true,"href":"https:\/\/new.findnews5.com\/index.php?rest_route=%2Fwp%2Fv2%2Fcategories&post=24284"},{"taxonomy":"post_tag","embeddable":true,"href":"https:\/\/new.findnews5.com\/index.php?rest_route=%2Fwp%2Fv2%2Ftags&post=24284"}],"curies":[{"name":"wp","href":"https:\/\/api.w.org\/{rel}","templated":true}]}}